{"id":162547,"date":"2025-11-23T20:35:10","date_gmt":"2025-11-23T20:35:10","guid":{"rendered":"https:\/\/www.europesays.com\/pt\/162547\/"},"modified":"2025-11-23T20:35:10","modified_gmt":"2025-11-23T20:35:10","slug":"chefe-da-mclaren-pede-desculpa-a-norris-e-piastri-pela-desclassificacao-em-las-vegas","status":"publish","type":"post","link":"https:\/\/www.europesays.com\/pt\/162547\/","title":{"rendered":"Chefe da McLaren pede desculpa a Norris e Piastri pela desclassifica\u00e7\u00e3o em Las Vegas"},"content":{"rendered":"<p>Andrea Stella, chefe de equipa da McLaren, apresentou um sincero pedido de desculpas a Lando Norris e Oscar Piastri, desclassificados do Grande Pr\u00e9mio de Las Vegas devido a infra\u00e7\u00f5es t\u00e9cnicas por parte da equipa.<\/p>\n<p><a href=\"https:\/\/sportinforma.sapo.pt\/\" target=\"_blank\" rel=\"noreferrer noopener nofollow\">&#8211; Tudo sobre o desporto nacional e internacional em<b id=\"s-b-embed-69235\" data-stringify-type=\"bold\">\u00a0<\/b><b>sportinforma.sapo.pt &#8211;<\/b><\/a><\/p>\n<p>Norris, l\u00edder da classifica\u00e7\u00e3o do Mundial de Pilotos, terminou a corrida na segunda posi\u00e7\u00e3o, logo atr\u00e1s de Max Verstappen, piloto da Red Bull que luta pelo t\u00edtulo, enquanto Piastri foi quarto. S\u00f3 que, ap\u00f3s o final da corrida, a ispe\u00e7\u00e3o aos carros mostrou que que as patilhas de ambos os McLaren apresentavam uma espessura inferior ao m\u00ednimo permitido, pelo que ambos os foram desclassificados.<\/p>\n<p>&#8220;Pedimos desculpa ao Lando e ao Oscar pela perda de pontos num momento t\u00e3o crucial da luta pelo t\u00edtulo, especialmente depois das excelentes presta\u00e7\u00f5es que tiveram ao longo de todo o fim de semana&#8221;, pode ler-se num comunicado da McLaren assinado por Stella.<\/p>\n<p>&#8220;Durante a corrida, ambos os carros sofreram um n\u00edvel inesperado e elevado de saltos, algo que n\u00e3o t\u00ednhamos observado nos treinos, o que levou a um contacto excessivo com o asfalto. Estamos atualmente a investigar as causas deste comportamento do carro, incluindo o impacto de danos acidentais que detet\u00e1mos ap\u00f3s a corrida e que provocaram um maior movimento do fundo. Como referiu a FIA, a infra\u00e7\u00e3o n\u00e3o foi intencional&#8221;, pode ainda ler-se no mesmo comunicado.<\/p>\n","protected":false},"excerpt":{"rendered":"Andrea Stella, chefe de equipa da McLaren, apresentou um sincero pedido de desculpas a Lando Norris e Oscar&hellip;\n","protected":false},"author":2,"featured_media":162548,"comment_status":"","ping_status":"","sticky":false,"template":"","format":"standard","meta":{"footnotes":""},"categories":[8],"tags":[27,28,15,16,14,25,26,21,22,12,13,19,20,32,23,24,33,17,18,29,30,31],"class_list":{"0":"post-162547","1":"post","2":"type-post","3":"status-publish","4":"format-standard","5":"has-post-thumbnail","7":"category-principais-noticias","8":"tag-breaking-news","9":"tag-breakingnews","10":"tag-featured-news","11":"tag-featurednews","12":"tag-headlines","13":"tag-latest-news","14":"tag-latestnews","15":"tag-main-news","16":"tag-mainnews","17":"tag-news","18":"tag-noticias","19":"tag-noticias-principais","20":"tag-noticiasprincipais","21":"tag-portugal","22":"tag-principais-noticias","23":"tag-principaisnoticias","24":"tag-pt","25":"tag-top-stories","26":"tag-topstories","27":"tag-ultimas","28":"tag-ultimas-noticias","29":"tag-ultimasnoticias"},"share_on_mastodon":{"url":"https:\/\/pubeurope.com\/@pt\/115600931258294899","error":""},"_links":{"self":[{"href":"https:\/\/www.europesays.com\/pt\/wp-json\/wp\/v2\/posts\/162547","targetHints":{"allow":["GET"]}}],"collection":[{"href":"https:\/\/www.europesays.com\/pt\/wp-json\/wp\/v2\/posts"}],"about":[{"href":"https:\/\/www.europesays.com\/pt\/wp-json\/wp\/v2\/types\/post"}],"author":[{"embeddable":true,"href":"https:\/\/www.europesays.com\/pt\/wp-json\/wp\/v2\/users\/2"}],"replies":[{"embeddable":true,"href":"https:\/\/www.europesays.com\/pt\/wp-json\/wp\/v2\/comments?post=162547"}],"version-history":[{"count":0,"href":"https:\/\/www.europesays.com\/pt\/wp-json\/wp\/v2\/posts\/162547\/revisions"}],"wp:featuredmedia":[{"embeddable":true,"href":"https:\/\/www.europesays.com\/pt\/wp-json\/wp\/v2\/media\/162548"}],"wp:attachment":[{"href":"https:\/\/www.europesays.com\/pt\/wp-json\/wp\/v2\/media?parent=162547"}],"wp:term":[{"taxonomy":"category","embeddable":true,"href":"https:\/\/www.europesays.com\/pt\/wp-json\/wp\/v2\/categories?post=162547"},{"taxonomy":"post_tag","embeddable":true,"href":"https:\/\/www.europesays.com\/pt\/wp-json\/wp\/v2\/tags?post=162547"}],"curies":[{"name":"wp","href":"https:\/\/api.w.org\/{rel}","templated":true}]}}