{"id":162549,"date":"2025-11-23T20:36:14","date_gmt":"2025-11-23T20:36:14","guid":{"rendered":"https:\/\/www.europesays.com\/pt\/162549\/"},"modified":"2025-11-23T20:36:14","modified_gmt":"2025-11-23T20:36:14","slug":"bronzeada-sabrina-sato-ganha-elogios-ao-posar-de-biquini-fio-dental-veja-as-fotos","status":"publish","type":"post","link":"https:\/\/www.europesays.com\/pt\/162549\/","title":{"rendered":"Bronzeada! Sabrina Sato ganha elogios ao posar de biqu\u00edni fio-dental; veja as fotos"},"content":{"rendered":"\n<p class=\"content-text__container theme-color-primary-first-letter\" data-track-category=\"Link no Texto\" data-track-links=\"\" data-mrf-recirculation=\"Article links\"><strong>Sabrina Sato,<\/strong> de 44 anos de idade, resolveu aproveitar o s\u00e1bado (22) ensolarado para se refrescar na praia. A esposa do ator <strong>Nicolas Prattes<\/strong> compartilhou um \u00e1lbum de fotos no qual surgia usando um biqu\u00edni fio-dental preto. \u201cUma folguinha\u201d, disse na legenda da postagem.<\/p>\n<p data-track-category=\"Link no Texto\" data-track-links=\"\" data-mrf-recirculation=\"Article links\">Os cliques foram compartilhados no Instagram, plataforma de intera\u00e7\u00e3o virtual na qual soma mais de 30 milh\u00f5es de seguidores. Nos coment\u00e1rios, foi elogiada por famosos. \u201cGente, isso \u00e9 demais pro meu cora\u00e7\u00e3o\u201d, escreveu a jornalista <strong>Tati Machado.<\/strong> \u201cLinda\u201d, prosseguiu a apresentadora <strong>Ticiane Pinheiro.<\/strong> \u201cMaravilhosa\u201d, completou a influenciadora <strong>Lore Improta.\u00a0<\/strong><\/p>\n<p data-track-category=\"Link no Texto\" data-track-links=\"\" data-mrf-recirculation=\"Article links\">Casado com a comunicadora, o gal\u00e3 global <strong>Nicolas Prattes<\/strong> tamb\u00e9m se declarou para a esposa nos coment\u00e1rios da publica\u00e7\u00e3o. \u201cEntendi tudo antes mesmo de beijar\u201d, afirmou ele, que retornar\u00e1 \u00e0 teledramaturgia da Rede Globo em mar\u00e7o, como um vil\u00e3o em A Nobreza do Amor, substituta de \u00cata Mundo Melhor! na faixa das seis.<\/p>\n<p> <strong>Casal trabalhando<\/strong> <\/p>\n<p data-track-category=\"Link no Texto\" data-track-links=\"\" data-mrf-recirculation=\"Article links\">Em entrevista \u00e0 Quem, <strong>Sabrina Sato<\/strong> comentou o companheirismo com o marido e falou da nova fase profissional dele, marcada por um antagonista ap\u00f3s v\u00e1rios gal\u00e3s. Al\u00e9m disso, entregou os pr\u00f3prios planos profissionais. \u201cEle sempre quis fazer um vil\u00e3o. Ent\u00e3o, veio em um momento muito bom. Ele estava louco para fazer esse vil\u00e3o\u201d, disse.<\/p>\n<p data-track-category=\"Link no Texto\" data-track-links=\"\" data-mrf-recirculation=\"Article links\">\u201cEle vai estar gravando a nova novela e um filme\u2026 Eu vou gravar a nova temporada do \u2018Minha M\u00e3e com Seu Pai\u2019 e me preparar para o Carnaval. \u00c9 bom assim, trabalhando bastante\u201d, acrescentou.<\/p>\n<p data-track-category=\"Link no Texto\" data-track-links=\"\" data-mrf-recirculation=\"Article links\">O \u00faltimo papel de <strong>Nicolas Prattes<\/strong> na Globo foi o mocinho <strong>Rud\u00e1<\/strong> de Mania de Voc\u00ea. A obra de <strong>Jo\u00e3o Emanuel Carneiro<\/strong> foi considerada um dos maiores fracassos de audi\u00eancia da faixa das nove e tamb\u00e9m tinha <strong>Gabz, Agatha Moreira<\/strong> e <strong>Chay Suede<\/strong> nos pap\u00e9is principais.<\/p>\n","protected":false},"excerpt":{"rendered":"Sabrina Sato, de 44 anos de idade, resolveu aproveitar o s\u00e1bado (22) ensolarado para se refrescar na praia.&hellip;\n","protected":false},"author":2,"featured_media":162550,"comment_status":"","ping_status":"","sticky":false,"template":"","format":"standard","meta":{"footnotes":""},"categories":[145],"tags":[1752,211,210,114,115,980,32,80,33,3792],"class_list":{"0":"post-162549","1":"post","2":"type-post","3":"status-publish","4":"format-standard","5":"has-post-thumbnail","7":"category-celebridades","8":"tag-biquini","9":"tag-celebridades","10":"tag-celebrities","11":"tag-entertainment","12":"tag-entretenimento","13":"tag-famosos","14":"tag-portugal","15":"tag-praia","16":"tag-pt","17":"tag-sabrina-sato"},"share_on_mastodon":{"url":"https:\/\/pubeurope.com\/@pt\/115600935048909429","error":""},"_links":{"self":[{"href":"https:\/\/www.europesays.com\/pt\/wp-json\/wp\/v2\/posts\/162549","targetHints":{"allow":["GET"]}}],"collection":[{"href":"https:\/\/www.europesays.com\/pt\/wp-json\/wp\/v2\/posts"}],"about":[{"href":"https:\/\/www.europesays.com\/pt\/wp-json\/wp\/v2\/types\/post"}],"author":[{"embeddable":true,"href":"https:\/\/www.europesays.com\/pt\/wp-json\/wp\/v2\/users\/2"}],"replies":[{"embeddable":true,"href":"https:\/\/www.europesays.com\/pt\/wp-json\/wp\/v2\/comments?post=162549"}],"version-history":[{"count":0,"href":"https:\/\/www.europesays.com\/pt\/wp-json\/wp\/v2\/posts\/162549\/revisions"}],"wp:featuredmedia":[{"embeddable":true,"href":"https:\/\/www.europesays.com\/pt\/wp-json\/wp\/v2\/media\/162550"}],"wp:attachment":[{"href":"https:\/\/www.europesays.com\/pt\/wp-json\/wp\/v2\/media?parent=162549"}],"wp:term":[{"taxonomy":"category","embeddable":true,"href":"https:\/\/www.europesays.com\/pt\/wp-json\/wp\/v2\/categories?post=162549"},{"taxonomy":"post_tag","embeddable":true,"href":"https:\/\/www.europesays.com\/pt\/wp-json\/wp\/v2\/tags?post=162549"}],"curies":[{"name":"wp","href":"https:\/\/api.w.org\/{rel}","templated":true}]}}