{"id":162551,"date":"2025-11-23T20:39:13","date_gmt":"2025-11-23T20:39:13","guid":{"rendered":"https:\/\/www.europesays.com\/pt\/162551\/"},"modified":"2025-11-23T20:39:13","modified_gmt":"2025-11-23T20:39:13","slug":"peao-expoe-descoberta-de-traicao-e-surpreende-colegas-com-atitude","status":"publish","type":"post","link":"https:\/\/www.europesays.com\/pt\/162551\/","title":{"rendered":"Pe\u00e3o exp\u00f5e descoberta de trai\u00e7\u00e3o e surpreende colegas com atitude"},"content":{"rendered":"<p>\n                        Pe\u00e3o revela como a trai\u00e7\u00e3o veio \u00e0 tona e mudou completamente o rumo do relacionamento em &#8220;A Fazenda 17&#8221;\n                    <\/p>\n<ul class=\"article__header__author\">\n<li class=\"article__header__author__item\">\n                                                Por:<br \/>\n                                                                                    Livia Souto Sob a supervis\u00e3o de Felipe Gatto \/ Contigo\n                                                                        <\/li>\n<\/ul>\n<p class=\"text\"><strong>Luiz Mesquita<\/strong> surpreendeu os pe\u00f5es de &#8220;A Fazenda 17&#8221; ao compartilhar, em uma conversa sincera com <strong>Duda Wendling<\/strong> e <strong>Maria Caporusso<\/strong>, detalhes nunca revelados sobre o t\u00e9rmino turbulento com a ex-noiva, <strong>Bianca Gois<\/strong>. O atleta contou que a rela\u00e7\u00e3o come\u00e7ou a desandar pouco tempo depois do t\u00e3o sonhado pedido de casamento, quando percebeu que &#8220;o relacionamento deu uma murchada forte&#8221;. Ele explicou que estava viajando pelos Len\u00e7\u00f3is Maranhenses quando sentiu que algo n\u00e3o estava certo entre os dois.<\/p>\n<p><img loading=\"lazy\" decoding=\"async\" alt=\"Luiz Mesquita\" class=\"img-975266b129788985e9706c6e217cfbfao5ym6gx9\" height=\"435\" src=\"https:\/\/www.europesays.com\/pt\/wp-content\/uploads\/2025\/11\/200430761-luiz-mesquita.jpg\"  title=\"Luiz Mesquita\" width=\"774\"\/><\/p>\n<p>Luiz Mesquita<\/p>\n<p>Foto: Reprodu\u00e7\u00e3o\/Record \/ Contigo<\/p>\n<p class=\"text\">Durante uma liga\u00e7\u00e3o de v\u00eddeo, <strong>Mesquita<\/strong> relatou que <strong>Bianca<\/strong> apareceu distante e fria. &#8220;Fiz uma liga\u00e7\u00e3o de v\u00eddeo e a vi muito fria. Falei: &#8216;Estou com saudades, te amo&#8217;, e ela n\u00e3o respondeu&#8221;, relembrou. O atleta disse ainda que estava h\u00e1 26 dias longe de casa e pediu que ela fosse busc\u00e1-lo no aeroporto, mas ouviu como resposta: &#8220;&#8216;N\u00e3o d\u00e1, vou ficar com minha amiga'&#8221;. A partir desse momento, ele come\u00e7ou a notar sinais claros de que a noiva queria terminar o relacionamento.<\/p>\n<p class=\"text\">Tomado pela desconfian\u00e7a, <strong>Mesquita<\/strong> decidiu revisar as c\u00e2meras de seguran\u00e7a instaladas na sala, originalmente usadas, segundo ele, para observar os gatos quando estivesse fora. Foi ent\u00e3o que encontrou o v\u00eddeo que mudaria tudo. Nele, a ex-noiva dizia ao melhor amigo: &#8220;Vi o aben\u00e7oado ontem. Ele chegou e, do nada, me deu um beij\u00e3o&#8221;. Embora abalado, o pe\u00e3o admitiu que, ao mesmo tempo, sentiu um certo al\u00edvio por finalmente entender o que estava acontecendo.<\/p>\n<p><strong>Como Luiz reagiu ao descobrir com quem foi tra\u00eddo?<\/strong><\/p>\n<p class=\"text\"><strong>Mesquita<\/strong> contou que decidiu investigar a identidade do envolvido e descobriu que o homem era casado. Diante da situa\u00e7\u00e3o, tomou uma decis\u00e3o imediata: &#8220;Voc\u00ea vai sair do meu apartamento hoje!&#8221;, disse que afirmou a <strong>Bianca<\/strong>, que tentou insistir que tudo n\u00e3o passava de um mal-entendido. O atleta, no entanto, mostrou o v\u00eddeo como prova. &#8220;Ela n\u00e3o falou nada, s\u00f3 saiu andando&#8221;, relatou. Desde ent\u00e3o, segundo ele, nunca mais se viram.<\/p>\n<p class=\"text\"><strong>Confira:<\/strong><\/p>\n<blockquote class=\"instagram-media\" data-instgrm-captioned=\"\" data-instgrm-permalink=\"https:\/\/www.instagram.com\/p\/DRVrUR_kesk\/?utm_source=ig_embed&amp;utm_campaign=loading\" data-instgrm-version=\"14\" style=\"background: #FFF; border: 0; border-radius: 3px; box-shadow: 0 0 1px 0 rgba(0,0,0,0.5),0 1px 10px 0 rgba(0,0,0,0.15); margin: 1px; max-width: 540px; min-width: 326px; padding: 0; width: calc(100% - 2px);\">\n<p>     Ver essa foto no Instagram <\/p>\n<p class=\"text\" style=\"color: #c9c8cd; font-family: Arial,sans-serif; font-size: 14px; line-height: 17px; margin-bottom: 0; margin-top: 8px; overflow: hidden; padding: 8px 0 7px; text-align: center; text-overflow: ellipsis; white-space: nowrap;\"><a href=\"https:\/\/www.instagram.com\/p\/DRVrUR_kesk\/?utm_source=ig_embed&amp;utm_campaign=loading\" rel=\"noopener nofollow\" style=\"color: #c9c8cd; font-family: Arial,sans-serif; font-size: 14px; font-style: normal; font-weight: normal; line-height: 17px; text-decoration: none;\" target=\"_blank\">Uma publica\u00e7\u00e3o compartilhada por Luiz Otavio Mesquita (@luizomesquita)<\/a><\/p>\n<\/blockquote>\n<p>                            <script async src=\"\/\/www.instagram.com\/embed.js\"><\/script><\/p>\n","protected":false},"excerpt":{"rendered":"Pe\u00e3o revela como a trai\u00e7\u00e3o veio \u00e0 tona e mudou completamente o rumo do relacionamento em &#8220;A Fazenda&hellip;\n","protected":false},"author":2,"featured_media":162552,"comment_status":"","ping_status":"","sticky":false,"template":"","format":"standard","meta":{"footnotes":""},"categories":[142],"tags":[114,115,32,33,151],"class_list":{"0":"post-162551","1":"post","2":"type-post","3":"status-publish","4":"format-standard","5":"has-post-thumbnail","7":"category-tv","8":"tag-entertainment","9":"tag-entretenimento","10":"tag-portugal","11":"tag-pt","12":"tag-tv"},"share_on_mastodon":{"url":"https:\/\/pubeurope.com\/@pt\/115600947135036183","error":""},"_links":{"self":[{"href":"https:\/\/www.europesays.com\/pt\/wp-json\/wp\/v2\/posts\/162551","targetHints":{"allow":["GET"]}}],"collection":[{"href":"https:\/\/www.europesays.com\/pt\/wp-json\/wp\/v2\/posts"}],"about":[{"href":"https:\/\/www.europesays.com\/pt\/wp-json\/wp\/v2\/types\/post"}],"author":[{"embeddable":true,"href":"https:\/\/www.europesays.com\/pt\/wp-json\/wp\/v2\/users\/2"}],"replies":[{"embeddable":true,"href":"https:\/\/www.europesays.com\/pt\/wp-json\/wp\/v2\/comments?post=162551"}],"version-history":[{"count":0,"href":"https:\/\/www.europesays.com\/pt\/wp-json\/wp\/v2\/posts\/162551\/revisions"}],"wp:featuredmedia":[{"embeddable":true,"href":"https:\/\/www.europesays.com\/pt\/wp-json\/wp\/v2\/media\/162552"}],"wp:attachment":[{"href":"https:\/\/www.europesays.com\/pt\/wp-json\/wp\/v2\/media?parent=162551"}],"wp:term":[{"taxonomy":"category","embeddable":true,"href":"https:\/\/www.europesays.com\/pt\/wp-json\/wp\/v2\/categories?post=162551"},{"taxonomy":"post_tag","embeddable":true,"href":"https:\/\/www.europesays.com\/pt\/wp-json\/wp\/v2\/tags?post=162551"}],"curies":[{"name":"wp","href":"https:\/\/api.w.org\/{rel}","templated":true}]}}