{"id":162555,"date":"2025-11-23T20:42:07","date_gmt":"2025-11-23T20:42:07","guid":{"rendered":"https:\/\/www.europesays.com\/pt\/162555\/"},"modified":"2025-11-23T20:42:07","modified_gmt":"2025-11-23T20:42:07","slug":"sporting-fc-porto-em-hoquei-em-patins-ao-vivo","status":"publish","type":"post","link":"https:\/\/www.europesays.com\/pt\/162555\/","title":{"rendered":"Sporting-FC Porto em h\u00f3quei em patins AO VIVO"},"content":{"rendered":"<p style=\"margin-bottom:11px\">Desta forma, o Sporting refor\u00e7a o terceiro lugar do campeonato, com 16 pontos, a dois de Benfica e \u00d3quei Barcelos. As \u00e1guias jogam na noite deste domingo, em casa, ante a Juventude Pacense (20h30).<\/p>\n<p>No s\u00e1bado, \u00e0s 20 horas, os le\u00f5es visitam Leiria e as \u00c1guias da Mem\u00f3ria, da terceira divis\u00e3o, nos \u201c32-avos\u201d da Ta\u00e7a de Portugal.<\/p>\n<p>Quanto ao FC Porto, continua no sexto lugar, com 10 pontos. Segue-se a visita \u00e0 Acad\u00e9mica de Coimbra \u2013 da segunda divis\u00e3o \u2013 no s\u00e1bado (17h), a contar para a Ta\u00e7a de Portugal.<\/p>\n","protected":false},"excerpt":{"rendered":"Desta forma, o Sporting refor\u00e7a o terceiro lugar do campeonato, com 16 pontos, a dois de Benfica e&hellip;\n","protected":false},"author":2,"featured_media":162556,"comment_status":"","ping_status":"","sticky":false,"template":"","format":"standard","meta":{"footnotes":""},"categories":[87],"tags":[135,32,33,47,134],"class_list":{"0":"post-162555","1":"post","2":"type-post","3":"status-publish","4":"format-standard","5":"has-post-thumbnail","7":"category-desporto","8":"tag-desporto","9":"tag-portugal","10":"tag-pt","11":"tag-pura-paixao","12":"tag-sports"},"share_on_mastodon":{"url":"https:\/\/pubeurope.com\/@pt\/115600958880296551","error":""},"_links":{"self":[{"href":"https:\/\/www.europesays.com\/pt\/wp-json\/wp\/v2\/posts\/162555","targetHints":{"allow":["GET"]}}],"collection":[{"href":"https:\/\/www.europesays.com\/pt\/wp-json\/wp\/v2\/posts"}],"about":[{"href":"https:\/\/www.europesays.com\/pt\/wp-json\/wp\/v2\/types\/post"}],"author":[{"embeddable":true,"href":"https:\/\/www.europesays.com\/pt\/wp-json\/wp\/v2\/users\/2"}],"replies":[{"embeddable":true,"href":"https:\/\/www.europesays.com\/pt\/wp-json\/wp\/v2\/comments?post=162555"}],"version-history":[{"count":0,"href":"https:\/\/www.europesays.com\/pt\/wp-json\/wp\/v2\/posts\/162555\/revisions"}],"wp:featuredmedia":[{"embeddable":true,"href":"https:\/\/www.europesays.com\/pt\/wp-json\/wp\/v2\/media\/162556"}],"wp:attachment":[{"href":"https:\/\/www.europesays.com\/pt\/wp-json\/wp\/v2\/media?parent=162555"}],"wp:term":[{"taxonomy":"category","embeddable":true,"href":"https:\/\/www.europesays.com\/pt\/wp-json\/wp\/v2\/categories?post=162555"},{"taxonomy":"post_tag","embeddable":true,"href":"https:\/\/www.europesays.com\/pt\/wp-json\/wp\/v2\/tags?post=162555"}],"curies":[{"name":"wp","href":"https:\/\/api.w.org\/{rel}","templated":true}]}}