{"id":162557,"date":"2025-11-23T20:43:08","date_gmt":"2025-11-23T20:43:08","guid":{"rendered":"https:\/\/www.europesays.com\/pt\/162557\/"},"modified":"2025-11-23T20:43:08","modified_gmt":"2025-11-23T20:43:08","slug":"risco-de-obesidade-aumenta-em-20-com-a-exclusao-do-feijao-da-dieta","status":"publish","type":"post","link":"https:\/\/www.europesays.com\/pt\/162557\/","title":{"rendered":"Risco de obesidade aumenta em 20% com a exclus\u00e3o do feij\u00e3o da dieta"},"content":{"rendered":"<p data-path-to-node=\"3\">A exclus\u00e3o do consumo regular de feij\u00e3o da dieta pode elevar a probabilidade de desenvolvimento de obesidade em at\u00e9 20%. Esta correla\u00e7\u00e3o foi observada em um estudo conduzido pela Faculdade de Medicina da <a href=\"https:\/\/www.ufmg.br\/\" rel=\"nofollow noopener\" target=\"_blank\">UFMG <\/a>(Universidade Federal de Minas Gerais).<\/p>\n<p data-path-to-node=\"4\">A pesquisa indicou que indiv\u00edduos que deixaram de consumir o feij\u00e3o regularmente apresentaram um risco 20% maior de desenvolver <a href=\"https:\/\/brasil.perfil.com\/saude\/especialistas-buscam-nova-forma-de-diagnosticar-obesidade-alem-do-imc.phtml\" rel=\"nofollow noopener\" target=\"_blank\">obesidade<\/a>. Adicionalmente, o risco de experimentar excesso de peso aumentou em 10% nestes indiv\u00edduos, em compara\u00e7\u00e3o com aqueles que mantinham o consumo do gr\u00e3o em uma frequ\u00eancia de cinco a sete dias por semana.<\/p>\n<p data-path-to-node=\"5\">O feij\u00e3o \u00e9 reconhecido por ser um componente alimentar que contribui significativamente para a saciedade devido ao seu alto teor de fibras e prote\u00ednas. Sua presen\u00e7a na dieta \u00e9 considerada um fator protetor contra o ganho de peso excessivo. Este alimento tamb\u00e9m \u00e9 parte da tradicional complementaridade nutricional da culin\u00e1ria brasileira.<\/p>\n<p data-path-to-node=\"7\">Estes achados sobre o feij\u00e3o ganham relev\u00e2ncia em um contexto de intensa busca por m\u00e9todos de emagrecimento. No \u00faltimo ano, mais de 345 milh\u00f5es de pessoas globalmente utilizaram aplicativos de fitness para buscar orienta\u00e7\u00e3o sobre exerc\u00edcio e alimenta\u00e7\u00e3o, conforme o relat\u00f3rio anual Fitness App Market, do Business of Apps. No mesmo per\u00edodo, houve um registro de 850 milh\u00f5es de downloads de aplicativos.<\/p>\n<p data-path-to-node=\"8\">Apesar da tend\u00eancia de dietas restritivas que excluem alimentos b\u00e1sicos, a relev\u00e2ncia do equil\u00edbrio \u00e9 defendida por especialistas. <strong>Renata Ikeda<\/strong>, idealizadora do projeto Fitlab, afirma que o objetivo \u00e9 \u201cquebrar esse paradigma\u201d de que emagrecer implica na ren\u00fancia de alimentos apreciados. Ela defende que \u00e9 \u201cposs\u00edvel conquistar sa\u00fade e equil\u00edbrio sem abandonar os sabores que fazem parte da nossa identidade\u201d.<\/p>\n<p data-path-to-node=\"9\">Segundo Ikeda, o diferencial da plataforma \u00e9 fornecer ao usu\u00e1rio a \u201cconsci\u00eancia do que ele realmente come, sem culpa, sem terrorismo nutricional\u201d, resultando em uma experi\u00eancia que ela descreve como \u201clibertador\u201d. A especialista refor\u00e7a que o prop\u00f3sito n\u00e3o \u00e9 \u201cimpor restri\u00e7\u00f5es, e sim ensinar equil\u00edbrio\u201d.<\/p>\n<p data-path-to-node=\"11\">A manuten\u00e7\u00e3o de h\u00e1bitos alimentares que incluem o feij\u00e3o contrasta com a exclus\u00e3o promovida por certas abordagens diet\u00e9ticas. A inclus\u00e3o deste alimento, dentro de um plano alimentar balanceado, demonstra ser um fator que auxilia na sustentabilidade alimentar e na preven\u00e7\u00e3o do aumento descontrolado de massa corporal.<\/p>\n<p data-path-to-node=\"12\">Os benef\u00edcios e o equil\u00edbrio por tr\u00e1s do prato tradicional v\u00e3o al\u00e9m do sabor. A combina\u00e7\u00e3o de fibras do feij\u00e3o e carboidratos complexos do arroz promove digest\u00e3o mais lenta e sensa\u00e7\u00e3o prolongada de saciedade. A complementaridade nutricional entre arroz e feij\u00e3o fornece prote\u00ednas de alta qualidade, e, como mostrou a UFMG, manter o feij\u00e3o no card\u00e1pio tem efeito protetor contra o ganho de peso. A flexibilidade e a inclus\u00e3o de alimentos culturalmente importantes aumentam a ader\u00eancia e a sustentabilidade da dieta em longo prazo.<\/p>\n","protected":false},"excerpt":{"rendered":"A exclus\u00e3o do consumo regular de feij\u00e3o da dieta pode elevar a probabilidade de desenvolvimento de obesidade em&hellip;\n","protected":false},"author":2,"featured_media":162558,"comment_status":"","ping_status":"","sticky":false,"template":"","format":"standard","meta":{"footnotes":""},"categories":[86],"tags":[547,34490,34491,25518,20551,15506,116,1022,32,33,34492,117,34374,6833],"class_list":{"0":"post-162557","1":"post","2":"type-post","3":"status-publish","4":"format-standard","5":"has-post-thumbnail","7":"category-saude","8":"tag-alimentacao-saudavel","9":"tag-controle-de-peso","10":"tag-dieta-brasileira","11":"tag-excesso-de-peso","12":"tag-feijao","13":"tag-fibras","14":"tag-health","15":"tag-obesidade","16":"tag-portugal","17":"tag-pt","18":"tag-risco-de-obesidade","19":"tag-saude","20":"tag-saude-metabolica","21":"tag-ufmg"},"share_on_mastodon":{"url":"https:\/\/pubeurope.com\/@pt\/115600962582920405","error":""},"_links":{"self":[{"href":"https:\/\/www.europesays.com\/pt\/wp-json\/wp\/v2\/posts\/162557","targetHints":{"allow":["GET"]}}],"collection":[{"href":"https:\/\/www.europesays.com\/pt\/wp-json\/wp\/v2\/posts"}],"about":[{"href":"https:\/\/www.europesays.com\/pt\/wp-json\/wp\/v2\/types\/post"}],"author":[{"embeddable":true,"href":"https:\/\/www.europesays.com\/pt\/wp-json\/wp\/v2\/users\/2"}],"replies":[{"embeddable":true,"href":"https:\/\/www.europesays.com\/pt\/wp-json\/wp\/v2\/comments?post=162557"}],"version-history":[{"count":0,"href":"https:\/\/www.europesays.com\/pt\/wp-json\/wp\/v2\/posts\/162557\/revisions"}],"wp:featuredmedia":[{"embeddable":true,"href":"https:\/\/www.europesays.com\/pt\/wp-json\/wp\/v2\/media\/162558"}],"wp:attachment":[{"href":"https:\/\/www.europesays.com\/pt\/wp-json\/wp\/v2\/media?parent=162557"}],"wp:term":[{"taxonomy":"category","embeddable":true,"href":"https:\/\/www.europesays.com\/pt\/wp-json\/wp\/v2\/categories?post=162557"},{"taxonomy":"post_tag","embeddable":true,"href":"https:\/\/www.europesays.com\/pt\/wp-json\/wp\/v2\/tags?post=162557"}],"curies":[{"name":"wp","href":"https:\/\/api.w.org\/{rel}","templated":true}]}}