{"id":162559,"date":"2025-11-23T20:47:15","date_gmt":"2025-11-23T20:47:15","guid":{"rendered":"https:\/\/www.europesays.com\/pt\/162559\/"},"modified":"2025-11-23T20:47:15","modified_gmt":"2025-11-23T20:47:15","slug":"corveta-e-petroleiro-russos-intercetados-por-navio-do-reino-unido-no-canal-da-mancha","status":"publish","type":"post","link":"https:\/\/www.europesays.com\/pt\/162559\/","title":{"rendered":"Corveta e petroleiro russos intercetados por navio do Reino Unido no Canal da Mancha"},"content":{"rendered":"<p data-remotead-prev-elm=\"true\" data-remotead-elm-id=\"inread\">Segundo o Minist\u00e9rio da Defesa, nas \u00faltimas duas semanas, o navio patrulha HMS Severn intercetou a corveta russa RFN Stoikiy e o petroleiro Yelnya enquanto navegavam pelo Canal da Mancha. O Severn acabou por passar as fun\u00e7\u00f5es de monitoriza\u00e7\u00e3o para um aliado da NATO n\u00e3o identificado, ao largo da costa da Bretanha.<\/p>\n<p>Al\u00e9m dos navios estacionados ao redor da costa do Reino Unido, a Gr\u00e3-Bretanha enviou tr\u00eas aeronaves de vigil\u00e2ncia Poseidon para a Isl\u00e2ndia como parte de uma miss\u00e3o da NATO para patrulhar navios e submarinos russos no Atl\u00e2ntico Norte e no \u00c1rtico, informou o gabinete ministerial.<\/p>\n<p>A informa\u00e7\u00e3o surge poucos dias depois de o secret\u00e1rio da Defesa, John Healey, ter dito aos jornalistas que o navio espi\u00e3o russo Yantar tinha apontado lasers aos pilotos dos avi\u00f5es de vigil\u00e2ncia que monitorizavam as suas atividades ao largo da costa da Esc\u00f3cia. A Gr\u00e3-Bretanha descreveu as a\u00e7\u00f5es do Yantar como &#8220;imprudentes e perigosas&#8221;, acrescentando que a Gr\u00e3-Bretanha estava pronta para responder a quaisquer incurs\u00f5es no seu territ\u00f3rio.<\/p>\n<p data-remotead-prev-elm=\"true\" data-remotead-elm-id=\"centro1\">&#8220;A minha mensagem para a R\u00fassia e para Putin \u00e9 esta: estamos de olho em voc\u00eas. Sabemos o que est\u00e3o a fazer&#8221;, disse Healey na quarta-feira. A embaixada da R\u00fassia em Londres respondeu aos coment\u00e1rios de Healey acusando o Governo brit\u00e2nico de &#8220;incitar a histeria militarista&#8221;, acrescentando que Moscovo n\u00e3o tem interesse em comprometer a seguran\u00e7a do Reino Unido.<\/p>\n<p>Healey emitiu o aviso ao defender o aumento dos gastos com defesa uma semana antes de o Governo divulgar o seu novo or\u00e7amento. Embora o primeiro-ministro, Keir Starmer, tenha prometido grandes aumentos nos gastos militares devido \u00e0s amea\u00e7as da R\u00fassia, China e Ir\u00e3o, o Governo enfrenta dif\u00edceis escolhas, pois planeia aumentar os impostos e cortar gastos para cobrir o d\u00e9fice nas suas finan\u00e7as.<\/p>\n","protected":false},"excerpt":{"rendered":"Segundo o Minist\u00e9rio da Defesa, nas \u00faltimas duas semanas, o navio patrulha HMS Severn intercetou a corveta russa&hellip;\n","protected":false},"author":2,"featured_media":162560,"comment_status":"","ping_status":"","sticky":false,"template":"","format":"standard","meta":{"footnotes":""},"categories":[50],"tags":[27,28,9365,15,16,14,34493,25,26,21,22,62,12,13,19,20,23,24,713,839,17,18,29,30,31,63,64,65],"class_list":{"0":"post-162559","1":"post","2":"type-post","3":"status-publish","4":"format-standard","5":"has-post-thumbnail","7":"category-mundo","8":"tag-breaking-news","9":"tag-breakingnews","10":"tag-canal-da-mancha","11":"tag-featured-news","12":"tag-featurednews","13":"tag-headlines","14":"tag-intercecao","15":"tag-latest-news","16":"tag-latestnews","17":"tag-main-news","18":"tag-mainnews","19":"tag-mundo","20":"tag-news","21":"tag-noticias","22":"tag-noticias-principais","23":"tag-noticiasprincipais","24":"tag-principais-noticias","25":"tag-principaisnoticias","26":"tag-reino-unido","27":"tag-russia","28":"tag-top-stories","29":"tag-topstories","30":"tag-ultimas","31":"tag-ultimas-noticias","32":"tag-ultimasnoticias","33":"tag-world","34":"tag-world-news","35":"tag-worldnews"},"share_on_mastodon":{"url":"https:\/\/pubeurope.com\/@pt\/115600978419419539","error":""},"_links":{"self":[{"href":"https:\/\/www.europesays.com\/pt\/wp-json\/wp\/v2\/posts\/162559","targetHints":{"allow":["GET"]}}],"collection":[{"href":"https:\/\/www.europesays.com\/pt\/wp-json\/wp\/v2\/posts"}],"about":[{"href":"https:\/\/www.europesays.com\/pt\/wp-json\/wp\/v2\/types\/post"}],"author":[{"embeddable":true,"href":"https:\/\/www.europesays.com\/pt\/wp-json\/wp\/v2\/users\/2"}],"replies":[{"embeddable":true,"href":"https:\/\/www.europesays.com\/pt\/wp-json\/wp\/v2\/comments?post=162559"}],"version-history":[{"count":0,"href":"https:\/\/www.europesays.com\/pt\/wp-json\/wp\/v2\/posts\/162559\/revisions"}],"wp:featuredmedia":[{"embeddable":true,"href":"https:\/\/www.europesays.com\/pt\/wp-json\/wp\/v2\/media\/162560"}],"wp:attachment":[{"href":"https:\/\/www.europesays.com\/pt\/wp-json\/wp\/v2\/media?parent=162559"}],"wp:term":[{"taxonomy":"category","embeddable":true,"href":"https:\/\/www.europesays.com\/pt\/wp-json\/wp\/v2\/categories?post=162559"},{"taxonomy":"post_tag","embeddable":true,"href":"https:\/\/www.europesays.com\/pt\/wp-json\/wp\/v2\/tags?post=162559"}],"curies":[{"name":"wp","href":"https:\/\/api.w.org\/{rel}","templated":true}]}}