{"id":162561,"date":"2025-11-23T20:48:07","date_gmt":"2025-11-23T20:48:07","guid":{"rendered":"https:\/\/www.europesays.com\/pt\/162561\/"},"modified":"2025-11-23T20:48:07","modified_gmt":"2025-11-23T20:48:07","slug":"milionario-de-vieira-do-minho-com-cinco-apartamentos-de-luxo-apreendidos-em-franca","status":"publish","type":"post","link":"https:\/\/www.europesays.com\/pt\/162561\/","title":{"rendered":"Milion\u00e1rio de Vieira do Minho com cinco apartamentos de luxo apreendidos em Fran\u00e7a"},"content":{"rendered":"<p>Cinco apartamentos de luxo pertencentes a Armando Pereira, cofundador da Altice e natural de Vieira do Minho, foram apreendidos pelas autoridades francesas, noticia o\u00a0Jornal Sol. A opera\u00e7\u00e3o, realizada em v\u00e1rias regi\u00f5es de Fran\u00e7a, integrou uma a\u00e7\u00e3o de coopera\u00e7\u00e3o com as autoridades portuguesas, inclu\u00edndo a dire\u00e7\u00e3o de finan\u00e7as de Braga. <\/p>\n<p>&#13;<br \/>\n&#13;<br \/>\n&#13;<\/p>\n<p>Segundo o\u00a0Sol, al\u00e9m dos im\u00f3veis situados em Vosges, C\u00f3rsega, Neuilly-sur-Seine e Levallois-Perret, foram ainda apreendidos documentos relevantes para a investiga\u00e7\u00e3o, viaturas de topo \u2013 incluindo dois Porsche de Armando Pereira -, contas banc\u00e1rias (algumas em offshores) e cerca de 600 mil euros em numer\u00e1rio.<\/p>\n<p>A opera\u00e7\u00e3o contou com o acompanhamento do procurador Ros\u00e1rio Teixeira e de elementos da Dire\u00e7\u00e3o de Finan\u00e7as de Braga, que integram a equipa que investiga o desvio de cerca de 250 milh\u00f5es de euros da Altice. Armando Pereira e Hern\u00e2ni Vaz Antunes s\u00e3o suspeitos, em Portugal e Fran\u00e7a, de corrup\u00e7\u00e3o particular, burla, fraude fiscal agravada e infidelidade.<\/p>\n<p>O\u00a0Jornal Sol\u00a0refere ainda que um dos apartamentos, adquirido atrav\u00e9s de uma offshore por Hern\u00e2ni Vaz Antunes, continha numerosas obras de arte entretanto apreendidas.<\/p>\n","protected":false},"excerpt":{"rendered":"Cinco apartamentos de luxo pertencentes a Armando Pereira, cofundador da Altice e natural de Vieira do Minho, foram&hellip;\n","protected":false},"author":2,"featured_media":162562,"comment_status":"","ping_status":"","sticky":false,"template":"","format":"standard","meta":{"footnotes":""},"categories":[10],"tags":[27,28,15,16,14,25,26,21,22,12,13,19,20,32,23,24,33,17,18,29,30,31],"class_list":{"0":"post-162561","1":"post","2":"type-post","3":"status-publish","4":"format-standard","5":"has-post-thumbnail","7":"category-portugal","8":"tag-breaking-news","9":"tag-breakingnews","10":"tag-featured-news","11":"tag-featurednews","12":"tag-headlines","13":"tag-latest-news","14":"tag-latestnews","15":"tag-main-news","16":"tag-mainnews","17":"tag-news","18":"tag-noticias","19":"tag-noticias-principais","20":"tag-noticiasprincipais","21":"tag-portugal","22":"tag-principais-noticias","23":"tag-principaisnoticias","24":"tag-pt","25":"tag-top-stories","26":"tag-topstories","27":"tag-ultimas","28":"tag-ultimas-noticias","29":"tag-ultimasnoticias"},"share_on_mastodon":{"url":"https:\/\/pubeurope.com\/@pt\/115600982378727991","error":""},"_links":{"self":[{"href":"https:\/\/www.europesays.com\/pt\/wp-json\/wp\/v2\/posts\/162561","targetHints":{"allow":["GET"]}}],"collection":[{"href":"https:\/\/www.europesays.com\/pt\/wp-json\/wp\/v2\/posts"}],"about":[{"href":"https:\/\/www.europesays.com\/pt\/wp-json\/wp\/v2\/types\/post"}],"author":[{"embeddable":true,"href":"https:\/\/www.europesays.com\/pt\/wp-json\/wp\/v2\/users\/2"}],"replies":[{"embeddable":true,"href":"https:\/\/www.europesays.com\/pt\/wp-json\/wp\/v2\/comments?post=162561"}],"version-history":[{"count":0,"href":"https:\/\/www.europesays.com\/pt\/wp-json\/wp\/v2\/posts\/162561\/revisions"}],"wp:featuredmedia":[{"embeddable":true,"href":"https:\/\/www.europesays.com\/pt\/wp-json\/wp\/v2\/media\/162562"}],"wp:attachment":[{"href":"https:\/\/www.europesays.com\/pt\/wp-json\/wp\/v2\/media?parent=162561"}],"wp:term":[{"taxonomy":"category","embeddable":true,"href":"https:\/\/www.europesays.com\/pt\/wp-json\/wp\/v2\/categories?post=162561"},{"taxonomy":"post_tag","embeddable":true,"href":"https:\/\/www.europesays.com\/pt\/wp-json\/wp\/v2\/tags?post=162561"}],"curies":[{"name":"wp","href":"https:\/\/api.w.org\/{rel}","templated":true}]}}