{"id":162567,"date":"2025-11-23T20:53:10","date_gmt":"2025-11-23T20:53:10","guid":{"rendered":"https:\/\/www.europesays.com\/pt\/162567\/"},"modified":"2025-11-23T20:53:10","modified_gmt":"2025-11-23T20:53:10","slug":"uma-casa-de-ficar-de-queixo-caido-entre-na-habitacao-de-luxo-de-flavio-furtado-secret-story","status":"publish","type":"post","link":"https:\/\/www.europesays.com\/pt\/162567\/","title":{"rendered":"Uma casa de ficar de queixo ca\u00eddo. Entre na habita\u00e7\u00e3o de luxo de Fl\u00e1vio Furtado &#8211; Secret Story"},"content":{"rendered":"<p data-end=\"444\" data-start=\"205\">Fl\u00e1vio Furtado entrou oficialmente no esp\u00edrito natal\u00edcio e j\u00e1 deixou a casa totalmente decorada para a \u00e9poca. O apresentador partilhou, no Instagram, v\u00e1rios detalhes da decora\u00e7\u00e3o, revelando que a sua prepara\u00e7\u00e3o para o Natal est\u00e1 conclu\u00edda.<\/p>\n<p data-end=\"630\" data-start=\"448\"><strong data-end=\"594\" data-start=\"448\">\u00abTerminei! A minha casa est\u00e1 pronta para receber o Natal\u2026 Deixo aqui alguns pormenores para que me digas se gostas. E em breve mostro mais \ud83d\ude09\u00bb<\/strong>, escreveu na legenda da publica\u00e7\u00e3o.<\/p>\n<blockquote class=\"instagram-media\" data-instgrm-captioned=\"\" data-instgrm-permalink=\"https:\/\/www.instagram.com\/p\/DRaINbiCO0p\/?utm_source=ig_embed&amp;utm_campaign=loading\" data-instgrm-version=\"14\" style=\" background:#FFF; border:0; border-radius:3px; box-shadow:0 0 1px 0 rgba(0,0,0,0.5),0 1px 10px 0 rgba(0,0,0,0.15); margin: 1px; max-width:540px; min-width:326px; padding:0; width:99.375%; width:-webkit-calc(100% - 2px); width:calc(100% - 2px);\">\n<\/blockquote>\n<p data-end=\"630\" data-start=\"448\">\u00a0<\/p>\n<p data-end=\"954\" data-start=\"632\">Nas imagens divulgadas, \u00e9 poss\u00edvel ver alguns detalhes das decora\u00e7\u00f5es, que mostram que Fl\u00e1vio caprichou nos arranjos e nos apontamentos festivos. Mas houve um destaque especial: o apresentador revelou, atrav\u00e9s de um v\u00eddeo, que <strong data-end=\"906\" data-start=\"857\">foi ele pr\u00f3prio quem fez a sua coroa de Natal<\/strong>, um toque pessoal que conquistou os seguidores.\u00a0<\/p>\n<p data-end=\"954\" data-start=\"632\"><strong>\u00abPassei a manh\u00e3 a fazer a minha pr\u00f3pria coroa de Natal \u2014 e adorei o resultado! V\u00ea e diz-me se gostas.<\/strong><\/p>\n<p><strong>Quem mais costuma fazer a sua?<\/strong><\/p>\n<p><strong>Mostrem-me as vossas enquanto <a href=\"https:\/\/tvi.iol.pt\/secretstory\/cristina-ferreira\/23-11-2025\/surpresas-tensoes-e-decisoes-o-que-pode-esperar-da-gala-do-secret-story\" rel=\"nofollow noopener\" target=\"_blank\">vou ali fazer mais uma Gala<\/a> e j\u00e1 volto. At\u00e9 j\u00e1!\u00bb<\/strong><\/p>\n<p>\u00a0<\/p>\n<blockquote class=\"instagram-media\" data-instgrm-captioned=\"\" data-instgrm-permalink=\"https:\/\/www.instagram.com\/reel\/DRZzp5FDOND\/?utm_source=ig_embed&amp;utm_campaign=loading\" data-instgrm-version=\"14\" style=\" background:#FFF; border:0; border-radius:3px; box-shadow:0 0 1px 0 rgba(0,0,0,0.5),0 1px 10px 0 rgba(0,0,0,0.15); margin: 1px; max-width:540px; min-width:326px; padding:0; width:99.375%; width:-webkit-calc(100% - 2px); width:calc(100% - 2px);\">\n<\/blockquote>\n<p data-end=\"954\" data-start=\"632\">\u00a0<\/p>\n<p data-end=\"1121\" data-start=\"956\">Fl\u00e1vio prometeu ainda revelar mais elementos da decora\u00e7\u00e3o nos pr\u00f3ximos dias, deixando os f\u00e3s curiosos com o resultado final do ambiente natal\u00edcio criado em sua casa.<\/p>\n<p>                        <script async src=\"\/\/www.instagram.com\/embed.js\"><\/script><\/p>\n","protected":false},"excerpt":{"rendered":"Fl\u00e1vio Furtado entrou oficialmente no esp\u00edrito natal\u00edcio e j\u00e1 deixou a casa totalmente decorada para a \u00e9poca. O&hellip;\n","protected":false},"author":2,"featured_media":162568,"comment_status":"","ping_status":"","sticky":false,"template":"","format":"standard","meta":{"footnotes":""},"categories":[142],"tags":[18706,114,115,18705,15559,32,33,151,18704],"class_list":{"0":"post-162567","1":"post","2":"type-post","3":"status-publish","4":"format-standard","5":"has-post-thumbnail","7":"category-tv","8":"tag-bastidores-secret-story","9":"tag-entertainment","10":"tag-entretenimento","11":"tag-entrevistas-concorrentes-tvi","12":"tag-flavio-furtado","13":"tag-portugal","14":"tag-pt","15":"tag-tv","16":"tag-vida-fora-da-casa"},"share_on_mastodon":{"url":"https:\/\/pubeurope.com\/@pt\/115601001885026723","error":""},"_links":{"self":[{"href":"https:\/\/www.europesays.com\/pt\/wp-json\/wp\/v2\/posts\/162567","targetHints":{"allow":["GET"]}}],"collection":[{"href":"https:\/\/www.europesays.com\/pt\/wp-json\/wp\/v2\/posts"}],"about":[{"href":"https:\/\/www.europesays.com\/pt\/wp-json\/wp\/v2\/types\/post"}],"author":[{"embeddable":true,"href":"https:\/\/www.europesays.com\/pt\/wp-json\/wp\/v2\/users\/2"}],"replies":[{"embeddable":true,"href":"https:\/\/www.europesays.com\/pt\/wp-json\/wp\/v2\/comments?post=162567"}],"version-history":[{"count":0,"href":"https:\/\/www.europesays.com\/pt\/wp-json\/wp\/v2\/posts\/162567\/revisions"}],"wp:featuredmedia":[{"embeddable":true,"href":"https:\/\/www.europesays.com\/pt\/wp-json\/wp\/v2\/media\/162568"}],"wp:attachment":[{"href":"https:\/\/www.europesays.com\/pt\/wp-json\/wp\/v2\/media?parent=162567"}],"wp:term":[{"taxonomy":"category","embeddable":true,"href":"https:\/\/www.europesays.com\/pt\/wp-json\/wp\/v2\/categories?post=162567"},{"taxonomy":"post_tag","embeddable":true,"href":"https:\/\/www.europesays.com\/pt\/wp-json\/wp\/v2\/tags?post=162567"}],"curies":[{"name":"wp","href":"https:\/\/api.w.org\/{rel}","templated":true}]}}