{"id":162576,"date":"2025-11-23T21:06:26","date_gmt":"2025-11-23T21:06:26","guid":{"rendered":"https:\/\/www.europesays.com\/pt\/162576\/"},"modified":"2025-11-23T21:06:26","modified_gmt":"2025-11-23T21:06:26","slug":"tempestade-invernal-aproxima-se-frio-chuva-e-vento-vao-marcar-estes-dias-e-algumas-regioes-serao-mais-castigadas","status":"publish","type":"post","link":"https:\/\/www.europesays.com\/pt\/162576\/","title":{"rendered":"Tempestade invernal aproxima-se: frio, chuva e vento v\u00e3o marcar estes dias e algumas regi\u00f5es ser\u00e3o mais &#8216;castigadas&#8217;"},"content":{"rendered":"<p><strong>Portugal prepara-se para enfrentar uma tempestade de frio e chuva entre os dias 24 e 28 de novembro, acompanhada de vento forte e descida acentuada das temperaturas. De acordo com o site especializado em metereologia, Meteored, este epis\u00f3dio resulta de uma ondula\u00e7\u00e3o do jato polar que trar\u00e1 precipita\u00e7\u00e3o intensa ao longo de v\u00e1rios dias e condi\u00e7\u00f5es atmosf\u00e9ricas adversas em grande parte do territ\u00f3rio<\/strong>.<\/p>\n<p class=\"has-medium-font-size\"><strong>Segunda-feira com chuva intensa<\/strong><\/p>\n<p>A pr\u00f3xima segunda-feira, dia 24, arranca com chuva generalizada, especialmente no litoral Norte e Centro, embora possa abranger gradualmente o restante pa\u00eds ao longo do dia. A regi\u00e3o do Minho dever\u00e1 ser a mais afetada, acumulando mais de 40 mil\u00edmetros de precipita\u00e7\u00e3o at\u00e9 ao final da jornada, segundo o Meteored.<\/p>\n<p>O vento vai intensificar-se entre as primeiras horas da manh\u00e3 e o in\u00edcio da tarde, com rajadas que poder\u00e3o atingir 70 km\/h nas regi\u00f5es montanhosas do Norte e Centro e junto ao litoral Centro. As temperaturas m\u00e1ximas variam entre 11 \u00baC em Portalegre e 18 \u00baC em Lisboa.<\/p>\n<p class=\"has-medium-font-size\"><strong>Per\u00edodo seco a seguir<\/strong><\/p>\n<p>Ap\u00f3s segunda-feira, a chuva dever\u00e1 come\u00e7ar a dissipar-se durante a noite e madrugada de ter\u00e7a-feira, abrindo caminho a dias mais secos e com maior presen\u00e7a de sol. A ondula\u00e7\u00e3o do jato polar manter\u00e1 as depress\u00f5es afastadas, permitindo que o anticiclone domine a maior parte do territ\u00f3rio.<\/p>\n<p>O vento, embora mais intenso no in\u00edcio da semana, deve manter-se entre 10 e 25 km\/h nos dias seguintes, com as rajadas mais fortes sentidas nas zonas de maior altitude da regi\u00e3o Centro.<\/p>\n<p class=\"has-medium-font-size\"><strong>Descida acentuada das temperaturas<\/strong><\/p>\n<p>As temperaturas m\u00ednimas v\u00e3o cair de forma significativa entre segunda e ter\u00e7a-feira. Na Serra da Estrela, a m\u00ednima passa de 2 \u00baC na segunda-feira para -4 \u00baC na madrugada seguinte, uma descida de seis graus. <\/p>\n<p>No interior Norte e Centro os valores mais baixos persistem, mas mesmo cidades costeiras como Braga e Porto poder\u00e3o registar 4 \u00baC e 8 \u00baC. Viseu e Guarda dever\u00e3o sentir m\u00ednimas de 3 \u00baC e 1 \u00baC.<\/p>\n<p>Segundo a <a href=\"https:\/\/www.tempo.pt\/\" target=\"_blank\" rel=\"noreferrer noopener nofollow\">Meteored<\/a>, a tend\u00eancia de descida das temperaturas manter-se-\u00e1 at\u00e9 sexta-feira, dia 28, que poder\u00e1 ser um dos dias mais frios da semana. Os distritos do interior Norte e Centro permanecem sob risco de geadas, especialmente durante a madrugada e primeiras horas da manh\u00e3.<\/p>\n<p><strong>Avisos e recomenda\u00e7\u00f5es<\/strong><\/p>\n<p>A tempestade de frio traz alerta para vento forte e condi\u00e7\u00f5es adversas, em especial em regi\u00f5es montanhosas, afetando a circula\u00e7\u00e3o e atividades ao ar livre. Recomenda-se precau\u00e7\u00e3o redobrada durante este epis\u00f3dio de ar polar.<\/p>\n<p><strong>Leia tamb\u00e9m: <a href=\"https:\/\/postal.pt\/nacional\/adeus-reforma-uniao-europeia-confirma-que-so-garante-os-pagamentos-de-pensoes-ate-esta-data\/\" target=\"_blank\" rel=\"noreferrer noopener nofollow\"><a href=\"https:\/\/postal.pt\/nacional\/vai-estar-na-rua-as-17-h-protecao-civil-alerta-para-este-fenomeno-climatico-nos-proximos-dias-e-reforca-cuidados\/\" rel=\"nofollow noopener\" target=\"_blank\">Vai estar na rua \u00e0s 17 h? Prote\u00e7\u00e3o Civil alerta para este fen\u00f3meno clim\u00e1tico nos pr\u00f3ximos dias e refor\u00e7a \u201ccuidados\u201d<\/a><\/strong><\/p>\n","protected":false},"excerpt":{"rendered":"Portugal prepara-se para enfrentar uma tempestade de frio e chuva entre os dias 24 e 28 de novembro,&hellip;\n","protected":false},"author":2,"featured_media":162577,"comment_status":"","ping_status":"","sticky":false,"template":"","format":"standard","meta":{"footnotes":""},"categories":[10],"tags":[27,28,15,16,14,25,26,21,22,12,13,19,20,32,23,24,33,17,18,29,30,31],"class_list":{"0":"post-162576","1":"post","2":"type-post","3":"status-publish","4":"format-standard","5":"has-post-thumbnail","7":"category-portugal","8":"tag-breaking-news","9":"tag-breakingnews","10":"tag-featured-news","11":"tag-featurednews","12":"tag-headlines","13":"tag-latest-news","14":"tag-latestnews","15":"tag-main-news","16":"tag-mainnews","17":"tag-news","18":"tag-noticias","19":"tag-noticias-principais","20":"tag-noticiasprincipais","21":"tag-portugal","22":"tag-principais-noticias","23":"tag-principaisnoticias","24":"tag-pt","25":"tag-top-stories","26":"tag-topstories","27":"tag-ultimas","28":"tag-ultimas-noticias","29":"tag-ultimasnoticias"},"share_on_mastodon":{"url":"https:\/\/pubeurope.com\/@pt\/115601053397265842","error":""},"_links":{"self":[{"href":"https:\/\/www.europesays.com\/pt\/wp-json\/wp\/v2\/posts\/162576","targetHints":{"allow":["GET"]}}],"collection":[{"href":"https:\/\/www.europesays.com\/pt\/wp-json\/wp\/v2\/posts"}],"about":[{"href":"https:\/\/www.europesays.com\/pt\/wp-json\/wp\/v2\/types\/post"}],"author":[{"embeddable":true,"href":"https:\/\/www.europesays.com\/pt\/wp-json\/wp\/v2\/users\/2"}],"replies":[{"embeddable":true,"href":"https:\/\/www.europesays.com\/pt\/wp-json\/wp\/v2\/comments?post=162576"}],"version-history":[{"count":0,"href":"https:\/\/www.europesays.com\/pt\/wp-json\/wp\/v2\/posts\/162576\/revisions"}],"wp:featuredmedia":[{"embeddable":true,"href":"https:\/\/www.europesays.com\/pt\/wp-json\/wp\/v2\/media\/162577"}],"wp:attachment":[{"href":"https:\/\/www.europesays.com\/pt\/wp-json\/wp\/v2\/media?parent=162576"}],"wp:term":[{"taxonomy":"category","embeddable":true,"href":"https:\/\/www.europesays.com\/pt\/wp-json\/wp\/v2\/categories?post=162576"},{"taxonomy":"post_tag","embeddable":true,"href":"https:\/\/www.europesays.com\/pt\/wp-json\/wp\/v2\/tags?post=162576"}],"curies":[{"name":"wp","href":"https:\/\/api.w.org\/{rel}","templated":true}]}}