{"id":162578,"date":"2025-11-23T21:07:09","date_gmt":"2025-11-23T21:07:09","guid":{"rendered":"https:\/\/www.europesays.com\/pt\/162578\/"},"modified":"2025-11-23T21:07:09","modified_gmt":"2025-11-23T21:07:09","slug":"fotos-bolsonaro-se-despede-de-michelle-na-pf-23-11-2025-brasilia-hoje","status":"publish","type":"post","link":"https:\/\/www.europesays.com\/pt\/162578\/","title":{"rendered":"Fotos: Bolsonaro se despede de Michelle na PF &#8211; 23\/11\/2025 &#8211; Bras\u00edlia Hoje"},"content":{"rendered":"<p>O ex-presidente <a href=\"https:\/\/www1.folha.uol.com.br\/folha-topicos\/jair-bolsonaro\/\" rel=\"nofollow noopener\" target=\"_blank\">Jair Bolsonaro<\/a> (<a href=\"https:\/\/www1.folha.uol.com.br\/folha-topicos\/pl\/\" rel=\"nofollow noopener\" target=\"_blank\">PL<\/a>) foi at\u00e9 a sa\u00edda da Superintend\u00eancia da Pol\u00edcia Federal em Bras\u00edlia para se despedir de sua mulher, a ex-primeira-dama <a href=\"https:\/\/www1.folha.uol.com.br\/folha-topicos\/michelle-bolsonaro\/\" rel=\"nofollow noopener\" target=\"_blank\">Michelle Bolsonaro<\/a>. Ele foi fotografado pela primeira vez desde que foi preso preventivamente, por ordem do ministro Alexandre de Moraes, do STF (Supremo Tribunal Federal).<\/p>\n<p>Nas imagens, Bolsonaro aparece pr\u00f3ximo de agentes da Pol\u00edcia Federal e ao lado da ex-primeira dama, que se dirige para a sa\u00edda do edif\u00edcio.<\/p>\n<p>Michelle chegou ao local por volta das 15h deste domingo (23) para visitar o marido. Sem falar na chegada, ela desembarcou do carro pr\u00f3ximo ao pr\u00e9dio principal da sede regional e acenou brevemente para os cerca de 30 apoiadores que aguardavam a chegada dela em frente \u00e0 unidade da PF.<\/p>\n<p>A ex-primeira-dama, que tinha at\u00e9 as 17h para finalizar a visita, deixou a superintend\u00eancia por volta das 16h54. A ex-primeira-dama acenou para apoiadores de Bolsonaro, que cercaram o carro, e saiu da unidade sem falar com a imprensa.<\/p>\n<p>Al\u00e9m dela, apenas m\u00e9dicos e advogados do ex-presidente puderam visit\u00e1-lo. Pela manh\u00e3, foi realizada audi\u00eancia de cust\u00f3dia. Seus filhos tamb\u00e9m solicitaram autoriza\u00e7\u00e3o ao Supremo Tribunal Federal para estarem com o Bolsonaro.<\/p>\n<p>O ex-presidente est\u00e1 preso preventivamente por determina\u00e7\u00e3o de Moraes. Ele foi levado para uma sala especial da Superintend\u00eancia da PF em Bras\u00edlia.<\/p>\n<p>Entre as justificativas para o ministro decretar a medida do ex-presidente, com a transfer\u00eancia dele de casa, onde cumpria pris\u00e3o domiciliar, para a PF, est\u00e1 a tentativa de violar a tornozeleira eletr\u00f4nica. Bolsonaro admitiu ter feito essa tentativa.<\/p>\n<p class=\"c-context__content\">&#13;<br \/>\n    <strong>LINK PRESENTE:<\/strong> Gostou deste texto? Assinante pode liberar sete acessos gratuitos de qualquer link por dia. Basta clicar no F azul abaixo.&#13;\n  <\/p>\n","protected":false},"excerpt":{"rendered":"O ex-presidente Jair Bolsonaro (PL) foi at\u00e9 a sa\u00edda da Superintend\u00eancia da Pol\u00edcia Federal em Bras\u00edlia para se&hellip;\n","protected":false},"author":2,"featured_media":162579,"comment_status":"","ping_status":"","sticky":false,"template":"","format":"standard","meta":{"footnotes":""},"categories":[8],"tags":[4178,16297,27,28,15,16,236,14,1125,16296,603,25,26,21,22,27479,12,13,19,20,3239,32,23,24,33,4179,17,18,29,30,31],"class_list":{"0":"post-162578","1":"post","2":"type-post","3":"status-publish","4":"format-standard","5":"has-post-thumbnail","7":"category-principais-noticias","8":"tag-alexandre-de-moraes","9":"tag-ataque-a-democracia","10":"tag-breaking-news","11":"tag-breakingnews","12":"tag-featured-news","13":"tag-featurednews","14":"tag-folha","15":"tag-headlines","16":"tag-jair-bolsonaro","17":"tag-julgamento-de-bolsonaro","18":"tag-justica","19":"tag-latest-news","20":"tag-latestnews","21":"tag-main-news","22":"tag-mainnews","23":"tag-michelle-bolsonaro","24":"tag-news","25":"tag-noticias","26":"tag-noticias-principais","27":"tag-noticiasprincipais","28":"tag-pl","29":"tag-portugal","30":"tag-principais-noticias","31":"tag-principaisnoticias","32":"tag-pt","33":"tag-stf","34":"tag-top-stories","35":"tag-topstories","36":"tag-ultimas","37":"tag-ultimas-noticias","38":"tag-ultimasnoticias"},"share_on_mastodon":{"url":"","error":"Validation failed: Text character limit of 500 exceeded"},"_links":{"self":[{"href":"https:\/\/www.europesays.com\/pt\/wp-json\/wp\/v2\/posts\/162578","targetHints":{"allow":["GET"]}}],"collection":[{"href":"https:\/\/www.europesays.com\/pt\/wp-json\/wp\/v2\/posts"}],"about":[{"href":"https:\/\/www.europesays.com\/pt\/wp-json\/wp\/v2\/types\/post"}],"author":[{"embeddable":true,"href":"https:\/\/www.europesays.com\/pt\/wp-json\/wp\/v2\/users\/2"}],"replies":[{"embeddable":true,"href":"https:\/\/www.europesays.com\/pt\/wp-json\/wp\/v2\/comments?post=162578"}],"version-history":[{"count":0,"href":"https:\/\/www.europesays.com\/pt\/wp-json\/wp\/v2\/posts\/162578\/revisions"}],"wp:featuredmedia":[{"embeddable":true,"href":"https:\/\/www.europesays.com\/pt\/wp-json\/wp\/v2\/media\/162579"}],"wp:attachment":[{"href":"https:\/\/www.europesays.com\/pt\/wp-json\/wp\/v2\/media?parent=162578"}],"wp:term":[{"taxonomy":"category","embeddable":true,"href":"https:\/\/www.europesays.com\/pt\/wp-json\/wp\/v2\/categories?post=162578"},{"taxonomy":"post_tag","embeddable":true,"href":"https:\/\/www.europesays.com\/pt\/wp-json\/wp\/v2\/tags?post=162578"}],"curies":[{"name":"wp","href":"https:\/\/api.w.org\/{rel}","templated":true}]}}