{"id":162582,"date":"2025-11-23T21:11:17","date_gmt":"2025-11-23T21:11:17","guid":{"rendered":"https:\/\/www.europesays.com\/pt\/162582\/"},"modified":"2025-11-23T21:11:17","modified_gmt":"2025-11-23T21:11:17","slug":"pedro-jorge-acusa-marisa-de-gesto-inesperado-com-fabio","status":"publish","type":"post","link":"https:\/\/www.europesays.com\/pt\/162582\/","title":{"rendered":"Pedro Jorge acusa Marisa de gesto inesperado com F\u00e1bio"},"content":{"rendered":"<p>Ci\u00fames voltam a incendiar a \u201cCasa dos Segredos\u201d: Pedro Jorge acusa Marisa de gesto inesperado com F\u00e1bio, hoje.<\/p>\n<p>Tens\u00e3o matinal instala-se no casal<\/p>\n<p>Na manh\u00e3 deste domingo, Pedro Jorge e Marisa entraram novamente em confronto na <strong>\u201cCasa dos Segredos 9\u201d<\/strong>, e a origem voltou a ser o tema que mais tem marcado a rela\u00e7\u00e3o dentro do jogo: os ci\u00fames.<\/p>\n<p>Pedro Jorge aponta o dedo<\/p>\n<p>O concorrente n\u00e3o escondeu o inc\u00f3modo e acusou a mulher de comportamento impr\u00f3prio com F\u00e1bio. Sem rodeios, afirmou: <strong>\u201cAndas l\u00e1 metida no meio do casal, que eu vejo bem as tuas movimenta\u00e7\u00f5es no casal\u201d<\/strong>.<\/p>\n<p>Segundo Pedro Jorge, um gesto em particular acabou por desencadear a discuss\u00e3o: <strong>\u201cEstavas a tomar o pequeno-almo\u00e7o a tocar-lhe na m\u00e3o, ao F\u00e1bio, sim a tocares-lhe na m\u00e3o. Eu vejo tudo, n\u00e3o sou parvo. Para o chamar tiveste de lhe tocar na m\u00e3o\u201d<\/strong>.<\/p>\n<p>Marisa responde \u00e0 letra<\/p>\n<p>A concorrente tentou justificar-se e apontou tamb\u00e9m cr\u00edticas ao comportamento de Liliana para com Pedro Jorge. <strong>\u201cO rapaz at\u00e9 me fala bem, n\u00e3o \u00e9 como a Liliana para ti. Se calhar j\u00e1 n\u00e3o precisa mesmo de reboque. Deste-lhe uma sugest\u00e3o e achavas que ela ia aceit\u00e1-la, s\u00f3 te tem mandado patadas para tr\u00e1s\u201d<\/strong>, disse.<\/p>\n<p>Ainda assim, Pedro Jorge manteve a acusa\u00e7\u00e3o e atirou: <strong>\u201cTu tocaste nele, eu n\u00e3o toquei na Liliana. Depois queres dar a volta, eu \u00e9 que sou sempre o mau, tu \u00e9 que est\u00e1s bem e \u00e9s sempre a v\u00edtima\u201d<\/strong>.<\/p>\n<p>Veja o momento <a href=\"https:\/\/tvi.iol.pt\/secretstory\/videos\/pedro-jorge-faz-cena-de-ciumes-por-causa-de-fabio-vejo-tudo-nao-sou-parvo\/69220af20cf28fe4304869a5\" rel=\"nofollow noopener\" target=\"_blank\">AQUI<\/a>.<\/p>\n<p><a href=\"https:\/\/news.google.com\/publications\/CAAqBwgKMKfIoAswtNK4Aw\" target=\"_blank\" rel=\"noopener noreferrer nofollow\"><img loading=\"lazy\" data-lazyloaded=\"1\" width=\"481\" height=\"161\" decoding=\"async\" src=\"\/wp-content\/uploads\/2024\/02\/GN_siganos.png\" alt=\"Siga-nos no Google News\" style=\"margin-top:20px;\"\/><\/a><\/p>\n","protected":false},"excerpt":{"rendered":"Ci\u00fames voltam a incendiar a \u201cCasa dos Segredos\u201d: Pedro Jorge acusa Marisa de gesto inesperado com F\u00e1bio, hoje.&hellip;\n","protected":false},"author":2,"featured_media":142960,"comment_status":"","ping_status":"","sticky":false,"template":"","format":"standard","meta":{"footnotes":""},"categories":[142],"tags":[2632,114,115,21766,21416,32,33,151],"class_list":{"0":"post-162582","1":"post","2":"type-post","3":"status-publish","4":"format-standard","5":"has-post-thumbnail","7":"category-tv","8":"tag-casa-dos-segredos","9":"tag-entertainment","10":"tag-entretenimento","11":"tag-marisa-pires","12":"tag-pedro-jorge","13":"tag-portugal","14":"tag-pt","15":"tag-tv"},"share_on_mastodon":{"url":"https:\/\/pubeurope.com\/@pt\/115601072868318799","error":""},"_links":{"self":[{"href":"https:\/\/www.europesays.com\/pt\/wp-json\/wp\/v2\/posts\/162582","targetHints":{"allow":["GET"]}}],"collection":[{"href":"https:\/\/www.europesays.com\/pt\/wp-json\/wp\/v2\/posts"}],"about":[{"href":"https:\/\/www.europesays.com\/pt\/wp-json\/wp\/v2\/types\/post"}],"author":[{"embeddable":true,"href":"https:\/\/www.europesays.com\/pt\/wp-json\/wp\/v2\/users\/2"}],"replies":[{"embeddable":true,"href":"https:\/\/www.europesays.com\/pt\/wp-json\/wp\/v2\/comments?post=162582"}],"version-history":[{"count":0,"href":"https:\/\/www.europesays.com\/pt\/wp-json\/wp\/v2\/posts\/162582\/revisions"}],"wp:featuredmedia":[{"embeddable":true,"href":"https:\/\/www.europesays.com\/pt\/wp-json\/wp\/v2\/media\/142960"}],"wp:attachment":[{"href":"https:\/\/www.europesays.com\/pt\/wp-json\/wp\/v2\/media?parent=162582"}],"wp:term":[{"taxonomy":"category","embeddable":true,"href":"https:\/\/www.europesays.com\/pt\/wp-json\/wp\/v2\/categories?post=162582"},{"taxonomy":"post_tag","embeddable":true,"href":"https:\/\/www.europesays.com\/pt\/wp-json\/wp\/v2\/tags?post=162582"}],"curies":[{"name":"wp","href":"https:\/\/api.w.org\/{rel}","templated":true}]}}