{"id":162593,"date":"2025-11-23T21:20:36","date_gmt":"2025-11-23T21:20:36","guid":{"rendered":"https:\/\/www.europesays.com\/pt\/162593\/"},"modified":"2025-11-23T21:20:36","modified_gmt":"2025-11-23T21:20:36","slug":"vem-ai-a-terceira-edicao-do-natal-na-montanha-a-entrada-e-livre-nit","status":"publish","type":"post","link":"https:\/\/www.europesays.com\/pt\/162593\/","title":{"rendered":"Vem a\u00ed a terceira edi\u00e7\u00e3o do Natal na Montanha. A entrada \u00e9 livre \u2014 NiT"},"content":{"rendered":"<p>Gontinho, no concelho de Vila Verde, distrito de Braga, est\u00e1 a preparar a terceira edi\u00e7\u00e3o do \u201cNatal na Montanha\u201d. O evento, que come\u00e7ou em 2023, procura converter a pequena localidade numa aldeia de Natal, oferecendo v\u00e1rias atra\u00e7\u00f5es, como o pres\u00e9pio vivo, encontros de coros e um mercado com produtos artesanais e gastron\u00f3micos variados.\u00a0<\/p>\n<p>Este ano, a iniciativa vai decorrer entre 19 e 21 de dezembro. Al\u00e9m de v\u00e1rios expositores, vai poder participar nas atividades j\u00e1 habituais deste evento tem\u00e1tico que tem o objetivo de atrair visitantes de diversas regi\u00f5es e divulgar o potencial tur\u00edstico da aldeia.<\/p>\n<p>No primeiro dia, a anima\u00e7\u00e3o arranca pelas 17 horas. \u00c0 noite acontece a festa Natal no Arraial, \u00e0s 21 horas. Para os mais criativos, j\u00e1 abriram as <a href=\"https:\/\/docs.google.com\/forms\/d\/e\/1FAIpQLScYI6P-0x9Zej8sheIh6jICYj575DvnFOFxYjf98hIXBJw0pQ\/viewform\" target=\"_blank\" rel=\"nofollow noopener\">inscri\u00e7\u00f5es<\/a> para o Concurso de Decora\u00e7\u00f5es de Rua, que se destina a pessoas individuais ou a organiza\u00e7\u00f5es sem fins lucrativos.<\/p>\n<p>Todos s\u00e3o convidados a expor as suas pe\u00e7as nos espa\u00e7os p\u00fablicos da Aldeia do Natal na Montanha durante os dias do evento e tornar o espa\u00e7o ainda mais m\u00e1gico para os visitantes.\u00a0<\/p>\n<p>J\u00e1 a habitual Caminhada de Natal acontece a 20 de dezembro, \u00e0s 17 horas, e tem um custo de 5\u20ac. Cada participante vai receber um gorro de Natal solid\u00e1rio e a quantia angariada \u00e9 destinada \u00e0 Casa do Povo de Ribeira do Neiva, contribuindo para o financiamento do pr\u00f3prio evento As <a href=\"https:\/\/docs.google.com\/forms\/d\/e\/1FAIpQLSdFIro-JjII-SseZ4xZ16RkC5UDh4oIg8RVL_o8l0SakuAigQ\/viewform\" target=\"_blank\" rel=\"nofollow noopener\">inscri\u00e7\u00f5es<\/a> j\u00e1 est\u00e3o abertas.<\/p>\n<p>No mesmo dia, vai poder visitar o Pres\u00e9pio Vivo, \u00e0s 21 horas, que ser\u00e1 acompanhado de um concerto tem\u00e1tico de Natal. A 21 de dezembro, a iniciativa repete-se pelas 15 horas. \u00c0s 15h30, decorre ainda um desfile pelas ruas da regi\u00e3o.\u00a0<\/p>\n<p>A iniciativa vai contar ainda com um mercado de Natal, tasquinhas, bancas de artesanato, um comboio tem\u00e1tico (que \u00e0 noite fica completamente iluminado) e a tradicional Casa do Pai Natal.\u00a0<\/p>\n<p>A <a href=\"https:\/\/cprn.pt\/\" target=\"_blank\" rel=\"nofollow noopener\">organiza\u00e7\u00e3o<\/a> est\u00e1 a cargo da Casa do Povo de Ribeira do Neiva, fundada em 14 de setembro de 1943. Trata-se de uma Institui\u00e7\u00e3o Particular de Solidariedade Social, focada no apoio social \u00e0 terceira idade e \u00e0 educa\u00e7\u00e3o. Est\u00e1 sediada em Ribeira do Neiva, em Braga.<\/p>\n<p>Carregue na galeria para ver imagens das edi\u00e7\u00f5es anteriores do evento.<\/p>\n","protected":false},"excerpt":{"rendered":"Gontinho, no concelho de Vila Verde, distrito de Braga, est\u00e1 a preparar a terceira edi\u00e7\u00e3o do \u201cNatal na&hellip;\n","protected":false},"author":2,"featured_media":162594,"comment_status":"","ping_status":"","sticky":false,"template":"","format":"standard","meta":{"footnotes":""},"categories":[10],"tags":[27,28,15,16,14,25,26,21,22,12,13,19,20,32,23,24,33,17,18,29,30,31],"class_list":{"0":"post-162593","1":"post","2":"type-post","3":"status-publish","4":"format-standard","5":"has-post-thumbnail","7":"category-portugal","8":"tag-breaking-news","9":"tag-breakingnews","10":"tag-featured-news","11":"tag-featurednews","12":"tag-headlines","13":"tag-latest-news","14":"tag-latestnews","15":"tag-main-news","16":"tag-mainnews","17":"tag-news","18":"tag-noticias","19":"tag-noticias-principais","20":"tag-noticiasprincipais","21":"tag-portugal","22":"tag-principais-noticias","23":"tag-principaisnoticias","24":"tag-pt","25":"tag-top-stories","26":"tag-topstories","27":"tag-ultimas","28":"tag-ultimas-noticias","29":"tag-ultimasnoticias"},"share_on_mastodon":{"url":"https:\/\/pubeurope.com\/@pt\/115601108314528560","error":""},"_links":{"self":[{"href":"https:\/\/www.europesays.com\/pt\/wp-json\/wp\/v2\/posts\/162593","targetHints":{"allow":["GET"]}}],"collection":[{"href":"https:\/\/www.europesays.com\/pt\/wp-json\/wp\/v2\/posts"}],"about":[{"href":"https:\/\/www.europesays.com\/pt\/wp-json\/wp\/v2\/types\/post"}],"author":[{"embeddable":true,"href":"https:\/\/www.europesays.com\/pt\/wp-json\/wp\/v2\/users\/2"}],"replies":[{"embeddable":true,"href":"https:\/\/www.europesays.com\/pt\/wp-json\/wp\/v2\/comments?post=162593"}],"version-history":[{"count":0,"href":"https:\/\/www.europesays.com\/pt\/wp-json\/wp\/v2\/posts\/162593\/revisions"}],"wp:featuredmedia":[{"embeddable":true,"href":"https:\/\/www.europesays.com\/pt\/wp-json\/wp\/v2\/media\/162594"}],"wp:attachment":[{"href":"https:\/\/www.europesays.com\/pt\/wp-json\/wp\/v2\/media?parent=162593"}],"wp:term":[{"taxonomy":"category","embeddable":true,"href":"https:\/\/www.europesays.com\/pt\/wp-json\/wp\/v2\/categories?post=162593"},{"taxonomy":"post_tag","embeddable":true,"href":"https:\/\/www.europesays.com\/pt\/wp-json\/wp\/v2\/tags?post=162593"}],"curies":[{"name":"wp","href":"https:\/\/api.w.org\/{rel}","templated":true}]}}