{"id":162598,"date":"2025-11-23T21:25:16","date_gmt":"2025-11-23T21:25:16","guid":{"rendered":"https:\/\/www.europesays.com\/pt\/162598\/"},"modified":"2025-11-23T21:25:16","modified_gmt":"2025-11-23T21:25:16","slug":"24-a-29-de-novembro","status":"publish","type":"post","link":"https:\/\/www.europesays.com\/pt\/162598\/","title":{"rendered":"24 a 29 de novembro"},"content":{"rendered":"<p>\n                        Confira o resumo semanal de Tr\u00eas Gra\u00e7as entre 24 e 29 de novembro\n                    <\/p>\n<ul class=\"article__header__author\">\n<li class=\"article__header__author__item\">\n                                                Por:<br \/>\n                                                                                    Ana Beatriz de Paula \/ Famosos e Celebridades\n                                                                        <\/li>\n<\/ul>\n<p class=\"text\">Antes do resumo semanal, \u00e9 importante relembrar o contexto de Tr\u00eas Gra\u00e7as: a novela acompanha Gerluce (Sophie Charlotte) e sua fam\u00edlia na luta contra problemas sociais que afetam diretamente sua comunidade. Ao mesmo tempo em que tenta garantir um futuro diferente para a filha, Jo\u00e9lly, a protagonista se envolve na investiga\u00e7\u00e3o do esquema de medicamentos falsificados distribu\u00eddos pela influente fam\u00edlia Ferette, respons\u00e1vel por colocar diversas vidas em risco, incluindo a de sua m\u00e3e, L\u00edgia (Dira Paes). Agora, veja o que acontece na trama entre os dias 24 e 29 de novembro.<\/p>\n<p><img loading=\"lazy\" decoding=\"async\" alt=\"Resumo da semana de Tr\u00eas Gra\u00e7as: 24 a 29 de novembro\" class=\"img-2eb0ebb469f5018747342b0a0b92cde7jp6riawj\" height=\"435\" src=\"https:\/\/www.europesays.com\/pt\/wp-content\/uploads\/2025\/11\/1695842062-famosos-uma-foto-5.jpg\"  title=\"Resumo da semana de Tr\u00eas Gra\u00e7as: 24 a 29 de novembro\" width=\"774\"\/><\/p>\n<p>Resumo da semana de Tr\u00eas Gra\u00e7as: 24 a 29 de novembro<\/p>\n<p>Foto: Divulga\u00e7\u00e3o\/Globo \/ Famosos e Celebridades<\/p>\n<p>Dia 24<\/p>\n<p class=\"text\">L\u00edgia comenta com Kellen que est\u00e1 preocupada com a possibilidade de Jo\u00e9lly tomar uma m\u00e1 decis\u00e3o. Jo\u00e9lly n\u00e3o aceita a proposta de Samira, apesar do esfor\u00e7o de Raul. Bagd\u00e1 e seu bando capturam Raul, observados por Samira e Jo\u00e9lly. Samira diz a Jo\u00e9lly que tem o dinheiro para libertar Raul.\u00a0 Samira pressiona Jo\u00e9lly em favor da vida de Raul. Samira d\u00e1 o dinheiro a Bagd\u00e1 em troca de salvar a vida de Raul. Jo\u00e9lly se nega a falar com Raul. L\u00edgia avisa a Gerluce que Jorginho sair\u00e1 da pris\u00e3o. Gerluce reage mal ao saber que Jorginho deixar\u00e1 a pris\u00e3o.e promete acabar com ele antes que chegue perto de Jo\u00e9lly. Arminda se incomoda quando Raul demonstra interesse em saber o que a m\u00e3e esconde no quarto. Ferette manda Macedo investigar sobre a rela\u00e7\u00e3o de Paulinho e Gerluce.\u00a0<\/p>\n<p>Dia 25<\/p>\n<p class=\"text\">Gerluce demonstra ao pastor Alb\u00e9rico que sente repulsa por Jorginho, e manda um recado para o pai de Jo\u00e9lly, prometendo que n\u00e3o responder\u00e1 por si caso ele resolva se aproximar da filha. Jo\u00e9lly confessa a Kellen que errou para ajudar Raul. Josefa insiste em questionar a morte de Rog\u00e9rio para Arminda. Gerluce nota que os rem\u00e9dios que Viviane comprou est\u00e3o fazendo efeito em L\u00edgia. Claudia acalma Josefa, depois que a m\u00e3e de Arminda recebe uma suposta visita de Rog\u00e9rio. Kellen pergunta a Alb\u00e9rico se ele j\u00e1 pensou na rea\u00e7\u00e3o de Gerluce quando souber que o pai abrigar\u00e1 Jorginho na igreja. Gerluce explica a Misael, J\u00fanior e Joaquim o motivo pelo qual os convocou para encontrar com ela na farm\u00e1cia.\u00a0<\/p>\n<p>Dia 26<\/p>\n<p class=\"text\">J\u00fanior se incomoda com a proposta de Gerluce e Viviane tenta convenc\u00ea-lo a participar do plano plano para ajudar os doentes da Chacrinha. Ferette e Lorena discutem e Zenilda tenta apaziguar. Gerluce \u00e9 flagrada por Arminda ao descartar um guardanapo com os rem\u00e9dios de Josefa. Josefa e Gerluce provocam Arminda. Raul amea\u00e7a fazer um esc\u00e2ndalo na porta da casa de Jo\u00e9lly se ela n\u00e3o quiser encontr\u00e1-lo na igreja. Jo\u00e9lly culpa Raul por ter precisado aceitar a proposta de Samira. Pastor Alb\u00e9rico garante a Jo\u00e9lly que tudo se resolver\u00e1, e promete n\u00e3o contar a Gerluce que o pai do filho da jovem \u00e9 Raul. Kellen n\u00e3o conta a Jo\u00e9lly qual o assunto que o pastor quer conversar com Gerluce. Jorginho avisa ao pastor Alb\u00e9rico que seu alvar\u00e1 de soltura saiu.<\/p>\n<p>Dia 27<\/p>\n<p class=\"text\">Samira mostra uma foto de Jo\u00e9lly a Herculano e Lena. Jorginho deixa a pris\u00e3o e se recorda de quando era o l\u00edder da Chacrinha. Gerluce desmaia ao se deparar com Jorginho. Gerluce esconde de L\u00edgia, Jo\u00e9lly e Paulinho que viu Jorginho Ninja. Claudia fica apavorada quando Josefa lhe afirma que Arminda e Ferette t\u00eam um caso. Kasper avisa a Jo\u00e3o Rubens que o Comendador quer ver a gravura do palha\u00e7o. Viviane reage ao saber que Gerluce viu Jorginho e aconselha a amiga a ser forte. Leonardo tenta uma aproxima\u00e7\u00e3o maior de Viviane.<\/p>\n<p>Dia 28<\/p>\n<p class=\"text\">Jo\u00e3o Rubens diz a Kasper que a gravura sumiu, e Luc\u00e9lia sugere que J\u00fanior possa ter roubado a pe\u00e7a. Luc\u00e9lia inventa para o comendador que a gravura est\u00e1 no cofre do banco. C\u00e9lio observa Arminda no quarto da escultura. Josefa e Arminda discutem. Raul enfrenta Arminda e entra no quarto das Tr\u00eas Gra\u00e7as. Lorena comenta com Zenilda que J\u00fanior precisar\u00e1 de um advogado, e sugere que a m\u00e3e pegue a causa. J\u00fanior se desespera ao encontrar em sua mochila a gravura do palha\u00e7o. Maggye se sente culpada sabendo que os pais n\u00e3o v\u00e3o mais querer os servi\u00e7os de J\u00fanior. O comendador compra a gravura de Kasper e Jo\u00e3o Rubens. J\u00fanior procura Gerluce para dizer que aceita participar de seu plano para ajudar os doentes da Chacrinha. Jo\u00e9lly escuta o pastor dizer a Gerluce que deseja falar sobre o pai de sua filha.\u00a0<\/p>\n<p>Dia 29<\/p>\n<p class=\"text\">Gerluce diz ao pastor que sua filha n\u00e3o tem pai. Jo\u00e9lly discute com Gerluce dizendo que tem o direito de conhecer seu pai. Leonardo tenta convencer Viviane a acreditar que seus interesses pela farmac\u00eautica s\u00e3o s\u00e9rios. Arminda conta a Ferette que Claudia fez perguntas a Josefa que os comprometem. Maggye e Luc\u00e9lia discutem por causa de J\u00fanior. Viviane pede conselho a Gerluce sobre Leonardo. Josefa e Raul defendem Gerluce de Arminda, que insiste em humilhar a funcion\u00e1ria. Lena mostra a Samira que seguiu seu conselho ao colocar uma barriga falsa de gravidez. Juquinha leva Gerluce para casa, a pedido de Paulinho. Gerluce deixa Joaquim, Misael, J\u00fanior e Viviane pasmos ao dizer que ter\u00e3o de adiar a discuss\u00e3o sobre o plano para ajudar os doentes da Chacrinha.\u00a0<\/p>\n","protected":false},"excerpt":{"rendered":"Confira o resumo semanal de Tr\u00eas Gra\u00e7as entre 24 e 29 de novembro Por: Ana Beatriz de Paula&hellip;\n","protected":false},"author":2,"featured_media":162599,"comment_status":"","ping_status":"","sticky":false,"template":"","format":"standard","meta":{"footnotes":""},"categories":[142],"tags":[114,115,32,33,151],"class_list":{"0":"post-162598","1":"post","2":"type-post","3":"status-publish","4":"format-standard","5":"has-post-thumbnail","7":"category-tv","8":"tag-entertainment","9":"tag-entretenimento","10":"tag-portugal","11":"tag-pt","12":"tag-tv"},"share_on_mastodon":{"url":"https:\/\/pubeurope.com\/@pt\/115601128044027931","error":""},"_links":{"self":[{"href":"https:\/\/www.europesays.com\/pt\/wp-json\/wp\/v2\/posts\/162598","targetHints":{"allow":["GET"]}}],"collection":[{"href":"https:\/\/www.europesays.com\/pt\/wp-json\/wp\/v2\/posts"}],"about":[{"href":"https:\/\/www.europesays.com\/pt\/wp-json\/wp\/v2\/types\/post"}],"author":[{"embeddable":true,"href":"https:\/\/www.europesays.com\/pt\/wp-json\/wp\/v2\/users\/2"}],"replies":[{"embeddable":true,"href":"https:\/\/www.europesays.com\/pt\/wp-json\/wp\/v2\/comments?post=162598"}],"version-history":[{"count":0,"href":"https:\/\/www.europesays.com\/pt\/wp-json\/wp\/v2\/posts\/162598\/revisions"}],"wp:featuredmedia":[{"embeddable":true,"href":"https:\/\/www.europesays.com\/pt\/wp-json\/wp\/v2\/media\/162599"}],"wp:attachment":[{"href":"https:\/\/www.europesays.com\/pt\/wp-json\/wp\/v2\/media?parent=162598"}],"wp:term":[{"taxonomy":"category","embeddable":true,"href":"https:\/\/www.europesays.com\/pt\/wp-json\/wp\/v2\/categories?post=162598"},{"taxonomy":"post_tag","embeddable":true,"href":"https:\/\/www.europesays.com\/pt\/wp-json\/wp\/v2\/tags?post=162598"}],"curies":[{"name":"wp","href":"https:\/\/api.w.org\/{rel}","templated":true}]}}