{"id":162606,"date":"2025-11-23T21:33:14","date_gmt":"2025-11-23T21:33:14","guid":{"rendered":"https:\/\/www.europesays.com\/pt\/162606\/"},"modified":"2025-11-23T21:33:14","modified_gmt":"2025-11-23T21:33:14","slug":"aeroporto-de-eindhoven-nos-paises-baixos-com-trafego-suspenso-devido-a-drones","status":"publish","type":"post","link":"https:\/\/www.europesays.com\/pt\/162606\/","title":{"rendered":"Aeroporto de Eindhoven, nos Pa\u00edses Baixos, com tr\u00e1fego suspenso devido a drones"},"content":{"rendered":"<p>\t                Os drones foram observados pela primeira vez no final da sexta-feira sobre a base a\u00e9rea de Volkel, nas proximidades<\/p>\n<p>O tr\u00e1fego a\u00e9reo sobre a cidade de Eindhoven, no sul dos Pa\u00edses Baixos, foi suspenso depois de terem sido avistados drones n\u00e3o identificados perto do aeroporto.<\/p>\n<p>Os drones foram observados pela primeira vez no final da sexta-feira sobre a base a\u00e9rea de Volkel, nas proximidades. Foram utilizadas armas para tentar abat\u00ea-los, mas os aparelhos escaparam.<\/p>\n<p>No s\u00e1bado, ap\u00f3s mais avistamentos de drones perto do aeroporto principal, o espa\u00e7o a\u00e9reo da zona foi encerrado a voos civis e militares. O ministro da Defesa holand\u00eas, Ruben Brekelmans, afirmou que os \u201cmeios de combate aos drones\u201d estavam prontos para intervir.<\/p>\n<blockquote class=\"twitter-tweet\">\n<p lang=\"nl\">Er zijn meerdere drones gesignaleerd bij luchthaven Eindhoven.<\/p>\n<p>Het civiele en militaire vliegverkeer is daarom opgeschort. Counter-drone middelen van Defensie staan paraat om in te grijpen. Ook politie en KMar zijn ter plaatse.<\/p>\n<p>Nader onderzoek loopt en waar nodig treden we op.<\/p>\n<p> \u2014 Ruben Brekelmans (@DefensieMin) <a href=\"https:\/\/twitter.com\/DefensieMin\/status\/1992322234321653827?ref_src=twsrc%5Etfw\" rel=\"nofollow noopener\" target=\"_blank\">November 22, 2025<\/a>\n<\/p><\/blockquote>\n<p>Para al\u00e9m de ser utilizada pela For\u00e7a A\u00e9rea Real dos Pa\u00edses Baixos, a Base A\u00e9rea de Volkel acolhe um esquadr\u00e3o da For\u00e7a A\u00e9rea dos Estados Unidos no \u00e2mbito da NATO.<\/p>\n<p>Por raz\u00f5es de seguran\u00e7a, as autoridades afirmaram que n\u00e3o forneceriam pormenores sobre a forma como os drones foram avistados pela primeira vez na sexta-feira ou que medidas foram tomadas para tentar derrub\u00e1-los.<\/p>\n<p>Este \u00e9 o \u00faltimo de uma s\u00e9rie de incidentes deste g\u00e9nero em instala\u00e7\u00f5es militares e aer\u00f3dromos no norte da Europa nos \u00faltimos meses. At\u00e9 aqui, a R\u00fassia negou as acusa\u00e7\u00f5es de que estaria envolvida nos incidentes.<\/p>\n<p>Nas \u00faltimas semanas, foram avistados drones noutras bases a\u00e9reas holandesas, bem como em instala\u00e7\u00f5es na vizinha B\u00e9lgica, Dinamarca e Alemanha.<\/p>\n<p>A falta de provas que apontem para a sua origem tem dificultado as investiga\u00e7\u00f5es sobre os incidentes desde o seu in\u00edcio em setembro, uma vez que, em muitos casos, os drones desaparecem ao fim de algum tempo.<\/p>\n<p>Alguns respons\u00e1veis europeus atribu\u00edram os avistamentos a uma \u201cguerra h\u00edbrida\u201d por parte da R\u00fassia, uma vez que os pa\u00edses visados s\u00e3o aliados da Ucr\u00e2nia. Mas o Kremlin negou que tenha algo a ver com as incurs\u00f5es anteriores.<\/p>\n<p>Os ministros da Defesa de 10 pa\u00edses da UE concordaram em criar um \u201cmuro de drones\u201d em resposta aos avistamentos, enquanto algumas na\u00e7\u00f5es individuais procuraram garantir medidas de defesa anti-drone.<\/p>\n<p>\t            <script async src=\"https:\/\/platform.twitter.com\/widgets.js\" charset=\"utf-8\"><\/script><\/p>\n","protected":false},"excerpt":{"rendered":"Os drones foram observados pela primeira vez no final da sexta-feira sobre a base a\u00e9rea de Volkel, nas&hellip;\n","protected":false},"author":2,"featured_media":84562,"comment_status":"","ping_status":"","sticky":false,"template":"","format":"standard","meta":{"footnotes":""},"categories":[50],"tags":[609,836,611,27,28,607,608,333,832,604,135,610,837,476,15,16,301,830,14,603,25,26,570,21,22,831,833,62,834,12,13,19,20,835,602,3914,52,32,23,24,839,17,18,840,29,30,31,63,64,65],"class_list":{"0":"post-162606","1":"post","2":"type-post","3":"status-publish","4":"format-standard","5":"has-post-thumbnail","7":"category-mundo","8":"tag-alerta","9":"tag-analise","10":"tag-ao-minuto","11":"tag-breaking-news","12":"tag-breakingnews","13":"tag-cnn","14":"tag-cnn-portugal","15":"tag-comentadores","16":"tag-costa","17":"tag-crime","18":"tag-desporto","19":"tag-direto","20":"tag-drones","21":"tag-economia","22":"tag-featured-news","23":"tag-featurednews","24":"tag-governo","25":"tag-guerra","26":"tag-headlines","27":"tag-justica","28":"tag-latest-news","29":"tag-latestnews","30":"tag-live","31":"tag-main-news","32":"tag-mainnews","33":"tag-mais-vistas","34":"tag-marcelo","35":"tag-mundo","36":"tag-negocios","37":"tag-news","38":"tag-noticias","39":"tag-noticias-principais","40":"tag-noticiasprincipais","41":"tag-opiniao","42":"tag-pais","43":"tag-paises-baixos","44":"tag-politica","45":"tag-portugal","46":"tag-principais-noticias","47":"tag-principaisnoticias","48":"tag-russia","49":"tag-top-stories","50":"tag-topstories","51":"tag-ucrania","52":"tag-ultimas","53":"tag-ultimas-noticias","54":"tag-ultimasnoticias","55":"tag-world","56":"tag-world-news","57":"tag-worldnews"},"share_on_mastodon":{"url":"","error":"Validation failed: Text character limit of 500 exceeded"},"_links":{"self":[{"href":"https:\/\/www.europesays.com\/pt\/wp-json\/wp\/v2\/posts\/162606","targetHints":{"allow":["GET"]}}],"collection":[{"href":"https:\/\/www.europesays.com\/pt\/wp-json\/wp\/v2\/posts"}],"about":[{"href":"https:\/\/www.europesays.com\/pt\/wp-json\/wp\/v2\/types\/post"}],"author":[{"embeddable":true,"href":"https:\/\/www.europesays.com\/pt\/wp-json\/wp\/v2\/users\/2"}],"replies":[{"embeddable":true,"href":"https:\/\/www.europesays.com\/pt\/wp-json\/wp\/v2\/comments?post=162606"}],"version-history":[{"count":0,"href":"https:\/\/www.europesays.com\/pt\/wp-json\/wp\/v2\/posts\/162606\/revisions"}],"wp:featuredmedia":[{"embeddable":true,"href":"https:\/\/www.europesays.com\/pt\/wp-json\/wp\/v2\/media\/84562"}],"wp:attachment":[{"href":"https:\/\/www.europesays.com\/pt\/wp-json\/wp\/v2\/media?parent=162606"}],"wp:term":[{"taxonomy":"category","embeddable":true,"href":"https:\/\/www.europesays.com\/pt\/wp-json\/wp\/v2\/categories?post=162606"},{"taxonomy":"post_tag","embeddable":true,"href":"https:\/\/www.europesays.com\/pt\/wp-json\/wp\/v2\/tags?post=162606"}],"curies":[{"name":"wp","href":"https:\/\/api.w.org\/{rel}","templated":true}]}}