{"id":162609,"date":"2025-11-23T21:36:19","date_gmt":"2025-11-23T21:36:19","guid":{"rendered":"https:\/\/www.europesays.com\/pt\/162609\/"},"modified":"2025-11-23T21:36:19","modified_gmt":"2025-11-23T21:36:19","slug":"wicked-homem-que-agarrou-ariana-e-banido-de-singapura-23-11-2025-ilustrada","status":"publish","type":"post","link":"https:\/\/www.europesays.com\/pt\/162609\/","title":{"rendered":"Wicked: Homem que agarrou Ariana \u00e9 banido de Singapura &#8211; 23\/11\/2025 &#8211; Ilustrada"},"content":{"rendered":"<p>Johnson Wen, o homem que agarrou <a href=\"https:\/\/www1.folha.uol.com.br\/folha-topicos\/ariana-grande\/\" rel=\"nofollow noopener\" target=\"_blank\">Ariana Grande<\/a> na premi\u00e8re do filme <a href=\"https:\/\/www1.folha.uol.com.br\/ilustrada\/2025\/11\/como-o-novo-wicked-que-critica-a-sociedade-alienada-faz-retrato-da-politica-de-hoje.shtml\" rel=\"nofollow noopener\" target=\"\">&#8220;Wicked: Parte 2&#8221;<\/a> foi deportado e banido da Singapura, onde o caso ocorreu, h\u00e1 duas semanas. A informa\u00e7\u00e3o foi divulgada por ve\u00edculos da imprensa local.<\/p>\n<p>A decis\u00e3o partiu da Autoridade de Imigra\u00e7\u00e3o e Pontos de Controle (ICA) do pa\u00eds, que afirmou que o homem de 26 anos ser\u00e1 deportad e banido por perturbar a ordem p\u00fablica.<\/p>\n<p>Wen saltou os limites de seguran\u00e7a da premi\u00e8re do filme para pular e posar para fotos ao lado de Ariana Grande. A atriz <a href=\"https:\/\/www1.folha.uol.com.br\/folha-topicos\/cynthia-erivo\/\" rel=\"nofollow noopener\" target=\"_blank\">Cynthia Erivo<\/a>, que intepreta a esverdeada bruxa Elphaba, tentou se p\u00f4r entre os dois para empurr\u00e1-lo para longe da colega.<\/p>\n<p>Wen \u00e9 conhecido por invadir locais proibidos para se aproximar de celebridades, como j\u00e1 fez em shows do cantor The Weeknd e da cantora Katy Perry.<\/p>\n<p>&#8220;Wicked: Parte 2&#8221; est\u00e1 em cartaz nos cinemas e conclui a franquia musical derivada de &#8220;O M\u00e1gico de Oz&#8221;.<\/p>\n","protected":false},"excerpt":{"rendered":"Johnson Wen, o homem que agarrou Ariana Grande na premi\u00e8re do filme &#8220;Wicked: Parte 2&#8221; foi deportado e&hellip;\n","protected":false},"author":2,"featured_media":162610,"comment_status":"","ping_status":"","sticky":false,"template":"","format":"standard","meta":{"footnotes":""},"categories":[145],"tags":[1940,211,210,21898,114,115,236,150,214,32,33,5069],"class_list":{"0":"post-162609","1":"post","2":"type-post","3":"status-publish","4":"format-standard","5":"has-post-thumbnail","7":"category-celebridades","8":"tag-ariana-grande","9":"tag-celebridades","10":"tag-celebrities","11":"tag-cynthia-erivo","12":"tag-entertainment","13":"tag-entretenimento","14":"tag-folha","15":"tag-musica","16":"tag-pop","17":"tag-portugal","18":"tag-pt","19":"tag-wicked"},"share_on_mastodon":{"url":"https:\/\/pubeurope.com\/@pt\/115601170948703910","error":""},"_links":{"self":[{"href":"https:\/\/www.europesays.com\/pt\/wp-json\/wp\/v2\/posts\/162609","targetHints":{"allow":["GET"]}}],"collection":[{"href":"https:\/\/www.europesays.com\/pt\/wp-json\/wp\/v2\/posts"}],"about":[{"href":"https:\/\/www.europesays.com\/pt\/wp-json\/wp\/v2\/types\/post"}],"author":[{"embeddable":true,"href":"https:\/\/www.europesays.com\/pt\/wp-json\/wp\/v2\/users\/2"}],"replies":[{"embeddable":true,"href":"https:\/\/www.europesays.com\/pt\/wp-json\/wp\/v2\/comments?post=162609"}],"version-history":[{"count":0,"href":"https:\/\/www.europesays.com\/pt\/wp-json\/wp\/v2\/posts\/162609\/revisions"}],"wp:featuredmedia":[{"embeddable":true,"href":"https:\/\/www.europesays.com\/pt\/wp-json\/wp\/v2\/media\/162610"}],"wp:attachment":[{"href":"https:\/\/www.europesays.com\/pt\/wp-json\/wp\/v2\/media?parent=162609"}],"wp:term":[{"taxonomy":"category","embeddable":true,"href":"https:\/\/www.europesays.com\/pt\/wp-json\/wp\/v2\/categories?post=162609"},{"taxonomy":"post_tag","embeddable":true,"href":"https:\/\/www.europesays.com\/pt\/wp-json\/wp\/v2\/tags?post=162609"}],"curies":[{"name":"wp","href":"https:\/\/api.w.org\/{rel}","templated":true}]}}