{"id":162611,"date":"2025-11-23T21:39:23","date_gmt":"2025-11-23T21:39:23","guid":{"rendered":"https:\/\/www.europesays.com\/pt\/162611\/"},"modified":"2025-11-23T21:39:23","modified_gmt":"2025-11-23T21:39:23","slug":"antonio-jose-seguro-e-o-convidado-do-isto-e-gozar-com-quem-trabalha","status":"publish","type":"post","link":"https:\/\/www.europesays.com\/pt\/162611\/","title":{"rendered":"Ant\u00f3nio Jos\u00e9 Seguro \u00e9 o convidado do &#8216;Isto \u00c9 Gozar Com Quem Trabalha&#8217;"},"content":{"rendered":"<p>Ricardo Ara\u00fajo Pereira recebe, esta noite, mais um candidato \u00e0 Presid\u00eancia da Rep\u00fablica.<\/p>\n<p>Partilhar<\/p>\n<p><img decoding=\"async\" fetchpriority=\"high\" src=\"https:\/\/www.europesays.com\/pt\/wp-content\/uploads\/2025\/11\/1763933963_791_original.webp\" alt=\"Ant\u00f3nio Jos\u00e9 Seguro \u00e9 o convidado do 'Isto \u00c9 Gozar Com Quem Trabalha'\"\/><\/p>\n<p style=\"text-align: start;\"><strong>Ant\u00f3nio Jos\u00e9 Seguro <\/strong>anunciou a sua candidatura \u00e0s elei\u00e7\u00f5es presidenciais do pr\u00f3ximo ano<strong> <\/strong>e<strong> <\/strong>conta com o apoio oficial do Partido Socialista (PS). Esta noite, o candidato presidencial volta a estar frente a frente com <strong>Ricardo Ara\u00fajo Pereira<\/strong>,\u00a0no\u00a0<a href=\"https:\/\/sic.pt\/programas\/isto-e-gozar-com-quem-trabalha\" target=\"_blank\" rel=\"noopener noreferrer nofollow\">Isto \u00e9 Gozar Com Quem Trabalha<\/a>.<\/p>\n<p style=\"text-align: start;\">N\u00e3o perca, esta entrevista, logo a seguir ao Jornal da Noite, na SIC.<\/p>\n","protected":false},"excerpt":{"rendered":"Ricardo Ara\u00fajo Pereira recebe, esta noite, mais um candidato \u00e0 Presid\u00eancia da Rep\u00fablica. Partilhar Ant\u00f3nio Jos\u00e9 Seguro anunciou&hellip;\n","protected":false},"author":2,"featured_media":162612,"comment_status":"","ping_status":"","sticky":false,"template":"","format":"standard","meta":{"footnotes":""},"categories":[142],"tags":[114,115,32,33,151],"class_list":{"0":"post-162611","1":"post","2":"type-post","3":"status-publish","4":"format-standard","5":"has-post-thumbnail","7":"category-tv","8":"tag-entertainment","9":"tag-entretenimento","10":"tag-portugal","11":"tag-pt","12":"tag-tv"},"share_on_mastodon":{"url":"https:\/\/pubeurope.com\/@pt\/115601183018443814","error":""},"_links":{"self":[{"href":"https:\/\/www.europesays.com\/pt\/wp-json\/wp\/v2\/posts\/162611","targetHints":{"allow":["GET"]}}],"collection":[{"href":"https:\/\/www.europesays.com\/pt\/wp-json\/wp\/v2\/posts"}],"about":[{"href":"https:\/\/www.europesays.com\/pt\/wp-json\/wp\/v2\/types\/post"}],"author":[{"embeddable":true,"href":"https:\/\/www.europesays.com\/pt\/wp-json\/wp\/v2\/users\/2"}],"replies":[{"embeddable":true,"href":"https:\/\/www.europesays.com\/pt\/wp-json\/wp\/v2\/comments?post=162611"}],"version-history":[{"count":0,"href":"https:\/\/www.europesays.com\/pt\/wp-json\/wp\/v2\/posts\/162611\/revisions"}],"wp:featuredmedia":[{"embeddable":true,"href":"https:\/\/www.europesays.com\/pt\/wp-json\/wp\/v2\/media\/162612"}],"wp:attachment":[{"href":"https:\/\/www.europesays.com\/pt\/wp-json\/wp\/v2\/media?parent=162611"}],"wp:term":[{"taxonomy":"category","embeddable":true,"href":"https:\/\/www.europesays.com\/pt\/wp-json\/wp\/v2\/categories?post=162611"},{"taxonomy":"post_tag","embeddable":true,"href":"https:\/\/www.europesays.com\/pt\/wp-json\/wp\/v2\/tags?post=162611"}],"curies":[{"name":"wp","href":"https:\/\/api.w.org\/{rel}","templated":true}]}}