{"id":162613,"date":"2025-11-23T21:42:24","date_gmt":"2025-11-23T21:42:24","guid":{"rendered":"https:\/\/www.europesays.com\/pt\/162613\/"},"modified":"2025-11-23T21:42:24","modified_gmt":"2025-11-23T21:42:24","slug":"caiu-me-uma-lagrima-quando-fui-substituido-e-aplaudido-gosto-que-se-lembrem-de-mim","status":"publish","type":"post","link":"https:\/\/www.europesays.com\/pt\/162613\/","title":{"rendered":"\u00abCaiu-me uma l\u00e1grima quando fui substitu\u00eddo e aplaudido, gosto que se lembrem de mim\u00bb"},"content":{"rendered":"<p>&#8211; Advertisement &#8211;<\/p>\n<p><strong>Gon\u00e7alo Batalha analisou o duelo da 4.\u00aa eliminat\u00f3ria da Ta\u00e7a de Portugal. O Sporting defrontou o Marinhense no Est\u00e1dio de Alvalade.<\/strong><\/p>\n<p>Gon\u00e7alo Batalha fez a an\u00e1lise do Sporting x Marinhense. Duelo da 4.\u00aa eliminat\u00f3ria da<a href=\"https:\/\/bolanarede.pt\/categoria\/nacional\/taca-de-portugal\/\" target=\"_blank\" rel=\"noreferrer noopener nofollow\"> Ta\u00e7a de Portugal <\/a>terminou com 3-0 para os le\u00f5es:<\/p>\n<p>\u00abAcho que nem deu tempo para sonhar, dormi muito pouco pela emo\u00e7\u00e3o de vir aqui. Toda a equipa est\u00e1 de parab\u00e9ns, mostr\u00e1mos para o que vimos. Caiu-me uma l\u00e1grima quando fui substitu\u00eddo e aplaudido, gosto que se lembrem de mim. Foi complicado trabalhar este jogo com tudo o que se tem passado. A equipa t\u00e9cnica fez um grande trabalho. Vamos lutar pelo nosso campeonato, que n\u00e3o \u00e9 este\u00bb.<\/p>\n","protected":false},"excerpt":{"rendered":"&#8211; Advertisement &#8211; Gon\u00e7alo Batalha analisou o duelo da 4.\u00aa eliminat\u00f3ria da Ta\u00e7a de Portugal. O Sporting defrontou&hellip;\n","protected":false},"author":2,"featured_media":162614,"comment_status":"","ping_status":"","sticky":false,"template":"","format":"standard","meta":{"footnotes":""},"categories":[87],"tags":[260,135,8411,32,33,34,134,3142],"class_list":{"0":"post-162613","1":"post","2":"type-post","3":"status-publish","4":"format-standard","5":"has-post-thumbnail","7":"category-desporto","8":"tag-atualidade","9":"tag-desporto","10":"tag-marinhense","11":"tag-portugal","12":"tag-pt","13":"tag-sporting","14":"tag-sports","15":"tag-taca-de-portugal"},"share_on_mastodon":{"url":"https:\/\/pubeurope.com\/@pt\/115601194708668714","error":""},"_links":{"self":[{"href":"https:\/\/www.europesays.com\/pt\/wp-json\/wp\/v2\/posts\/162613","targetHints":{"allow":["GET"]}}],"collection":[{"href":"https:\/\/www.europesays.com\/pt\/wp-json\/wp\/v2\/posts"}],"about":[{"href":"https:\/\/www.europesays.com\/pt\/wp-json\/wp\/v2\/types\/post"}],"author":[{"embeddable":true,"href":"https:\/\/www.europesays.com\/pt\/wp-json\/wp\/v2\/users\/2"}],"replies":[{"embeddable":true,"href":"https:\/\/www.europesays.com\/pt\/wp-json\/wp\/v2\/comments?post=162613"}],"version-history":[{"count":0,"href":"https:\/\/www.europesays.com\/pt\/wp-json\/wp\/v2\/posts\/162613\/revisions"}],"wp:featuredmedia":[{"embeddable":true,"href":"https:\/\/www.europesays.com\/pt\/wp-json\/wp\/v2\/media\/162614"}],"wp:attachment":[{"href":"https:\/\/www.europesays.com\/pt\/wp-json\/wp\/v2\/media?parent=162613"}],"wp:term":[{"taxonomy":"category","embeddable":true,"href":"https:\/\/www.europesays.com\/pt\/wp-json\/wp\/v2\/categories?post=162613"},{"taxonomy":"post_tag","embeddable":true,"href":"https:\/\/www.europesays.com\/pt\/wp-json\/wp\/v2\/tags?post=162613"}],"curies":[{"name":"wp","href":"https:\/\/api.w.org\/{rel}","templated":true}]}}