{"id":162615,"date":"2025-11-23T21:43:15","date_gmt":"2025-11-23T21:43:15","guid":{"rendered":"https:\/\/www.europesays.com\/pt\/162615\/"},"modified":"2025-11-23T21:43:15","modified_gmt":"2025-11-23T21:43:15","slug":"santa-catarina-faz-alerta-sobre-vacinacao-apos-alta-de-mortes-por-meningite","status":"publish","type":"post","link":"https:\/\/www.europesays.com\/pt\/162615\/","title":{"rendered":"Santa Catarina faz alerta sobre vacina\u00e7\u00e3o ap\u00f3s alta de mortes por meningite"},"content":{"rendered":"<p>A doen\u00e7a \u00e9 caracterizada pela inflama\u00e7\u00e3o das meninges, membranas que recobrem o sistema nervoso central<\/p>\n<p>                    Freepik<\/p>\n<p>                                            <img decoding=\"async\" class=\"img-responsive type:primaryImage\" src=\"https:\/\/www.europesays.com\/pt\/wp-content\/uploads\/2025\/11\/2148920132-1-750x450.jpg\" alt=\"M\u00e9dico vacinando um paciente na cl\u00ednica\" id=\"zoom-img\"\/><br \/>\n                                        Apenas nos primeiros dez meses deste ano, j\u00e1 houve 36 registros<\/p>\n<p>O Estado de <a href=\"http:\/\/jovempan.com.br\/tag\/santa-catarina\" rel=\"nofollow noopener\" target=\"_blank\"><strong>Santa Catarina<\/strong><\/a> registrou sete mortes por <a href=\"http:\/\/jovempan.com.br\/tag\/meningite\" rel=\"nofollow noopener\" target=\"_blank\"><strong>meningite<\/strong><\/a> at\u00e9 outubro de 2025 \u2013 mais que o dobro das tr\u00eas registradas em todo o ano passado. Segundo a Secretaria de Estado da Sa\u00fade (SES), a faixa et\u00e1ria mais acometida \u00e9 a de 30 a 39 anos.<\/p>\n<p>O n\u00famero de casos tamb\u00e9m cresceu nos \u00faltimos anos: foram 14 notifica\u00e7\u00f5es em 2021, 26 no ano seguinte, 30 em 2023 e 28 em 2024. Apenas nos primeiros dez meses deste ano, j\u00e1 houve 36 registros, segundo relat\u00f3rio da Diretoria de Vigil\u00e2ncia Epidemiol\u00f3gica de Santa Catarina.<\/p>\n<p>Diante desse avan\u00e7o, o governo do Estado fez alerta \u00e0 popula\u00e7\u00e3o sobre a import\u00e2ncia da vacina\u00e7\u00e3o. O Programa Nacional de Imuniza\u00e7\u00f5es (PNI) oferece vacinas que previnem formas de meningite bacteriana, como BCG, Meningoc\u00f3cica C, Meningoc\u00f3cica ACWY, Haemophilus influenzae tipo B e Pneumoc\u00f3cica. Os imunizantes est\u00e3o dispon\u00edveis gratuitamente nas Unidades B\u00e1sicas de Sa\u00fade (UBSs) de Santa Catarina.<\/p>\n<p>A vacina Meningoc\u00f3cica C conjugada protege contra a doen\u00e7a meningoc\u00f3cica. Neste caso, o imunizante est\u00e1 dispon\u00edvel para crian\u00e7as a partir dos tr\u00eas meses de idade at\u00e9 menores de cinco anos \u2013 com doses aos 3 e 5 meses e refor\u00e7o aos 12 meses com a vacina ACWY. A vacina ACWY tamb\u00e9m integra a rotina para adolescentes de 11 a 14 anos.<\/p>\n<p>O sorogrupo C \u00e9 o tipo de maior incid\u00eancia e letalidade no Estado. Tr\u00eas dos sete \u00f3bitos registrados em 2025 foram provocados por esse sorogrupo, em pessoas de 20 a 39 anos.<\/p>\n<p>A meningite \u00e9 caracterizada pela inflama\u00e7\u00e3o das meninges, membranas que recobrem o sistema nervoso central. \u00c9 uma doen\u00e7a grave, de evolu\u00e7\u00e3o r\u00e1pida, que pode ser causada por bact\u00e9rias, v\u00edrus, fungos ou at\u00e9 fatores n\u00e3o infecciosos, como traumatismos<\/p>\n<p>\u201cOs sinais e sintomas podem surgir repentinamente e incluem febre, dor de cabe\u00e7a, rigidez ou dor no pesco\u00e7o, n\u00e1useas e v\u00f4mitos. Manchas vermelhas ou roxas na pele podem indicar um quadro mais grave, chamado meningococemia. Altera\u00e7\u00f5es de comportamento, como confus\u00e3o, sonol\u00eancia e dificuldade de despertar, tamb\u00e9m merecem aten\u00e7\u00e3o\u201d, disse a gerente de Imuniza\u00e7\u00e3o da Diretoria de Vigil\u00e2ncia Epidemiol\u00f3gica, Arieli Fialho. \u201cEm rec\u00e9m-nascidos e lactentes, febre, irrita\u00e7\u00e3o, cansa\u00e7o e falta de apetite podem ser os \u00fanicos sinais.\u201d<\/p>\n<p>                    <img decoding=\"async\" id=\"cta-image\" editable=\"true\" name=\"Imagem:\" src=\"https:\/\/www.europesays.com\/pt\/wp-content\/uploads\/2025\/10\/640_4anos-JPNews.jpg\" alt=\"cta_logo_jp\"\/><\/p>\n<p>\n                    Siga o canal da Jovem Pan News e receba as principais not\u00edcias no seu WhatsApp!\n                <\/p>\n<p>Al\u00e9m da vacina\u00e7\u00e3o, o governo estadual tamb\u00e9m recomendou que os cidad\u00e3os mantenham ambientes bem ventilados, higienizem frequentemente as m\u00e3os com \u00e1gua e sab\u00e3o ou \u00e1lcool gel, limpem e desinfetem superf\u00edcies e objetos de uso comum, garantam rigorosa higiene de utens\u00edlios e brinquedos em domic\u00edlios, creches e escolas, e n\u00e3o compartilhem objetos de uso pessoal, como copos e talheres.<\/p>\n<p>\u00a0<\/p>\n<p>*Com informa\u00e7\u00f5es do Estad\u00e3o Conte\u00fado<\/p>\n<p>Publicado por N\u00e1taly Ten\u00f3rio<\/p>\n","protected":false},"excerpt":{"rendered":"A doen\u00e7a \u00e9 caracterizada pela inflama\u00e7\u00e3o das meninges, membranas que recobrem o sistema nervoso central Freepik Apenas nos&hellip;\n","protected":false},"author":2,"featured_media":162616,"comment_status":"","ping_status":"","sticky":false,"template":"","format":"standard","meta":{"footnotes":""},"categories":[86],"tags":[116,32,33,117],"class_list":{"0":"post-162615","1":"post","2":"type-post","3":"status-publish","4":"format-standard","5":"has-post-thumbnail","7":"category-saude","8":"tag-health","9":"tag-portugal","10":"tag-pt","11":"tag-saude"},"share_on_mastodon":{"url":"https:\/\/pubeurope.com\/@pt\/115601199054336506","error":""},"_links":{"self":[{"href":"https:\/\/www.europesays.com\/pt\/wp-json\/wp\/v2\/posts\/162615","targetHints":{"allow":["GET"]}}],"collection":[{"href":"https:\/\/www.europesays.com\/pt\/wp-json\/wp\/v2\/posts"}],"about":[{"href":"https:\/\/www.europesays.com\/pt\/wp-json\/wp\/v2\/types\/post"}],"author":[{"embeddable":true,"href":"https:\/\/www.europesays.com\/pt\/wp-json\/wp\/v2\/users\/2"}],"replies":[{"embeddable":true,"href":"https:\/\/www.europesays.com\/pt\/wp-json\/wp\/v2\/comments?post=162615"}],"version-history":[{"count":0,"href":"https:\/\/www.europesays.com\/pt\/wp-json\/wp\/v2\/posts\/162615\/revisions"}],"wp:featuredmedia":[{"embeddable":true,"href":"https:\/\/www.europesays.com\/pt\/wp-json\/wp\/v2\/media\/162616"}],"wp:attachment":[{"href":"https:\/\/www.europesays.com\/pt\/wp-json\/wp\/v2\/media?parent=162615"}],"wp:term":[{"taxonomy":"category","embeddable":true,"href":"https:\/\/www.europesays.com\/pt\/wp-json\/wp\/v2\/categories?post=162615"},{"taxonomy":"post_tag","embeddable":true,"href":"https:\/\/www.europesays.com\/pt\/wp-json\/wp\/v2\/tags?post=162615"}],"curies":[{"name":"wp","href":"https:\/\/api.w.org\/{rel}","templated":true}]}}