{"id":162618,"date":"2025-11-23T21:48:17","date_gmt":"2025-11-23T21:48:17","guid":{"rendered":"https:\/\/www.europesays.com\/pt\/162618\/"},"modified":"2025-11-23T21:48:17","modified_gmt":"2025-11-23T21:48:17","slug":"quem-e-o-chefe-militar-do-hezbollah-morto-por-israel-observador","status":"publish","type":"post","link":"https:\/\/www.europesays.com\/pt\/162618\/","title":{"rendered":"Quem \u00e9 o chefe militar do Hezbollah morto por Israel? \u2013 Observador"},"content":{"rendered":"<p>Desde 2016, havia uma recompensa de cinco milh\u00f5es de d\u00f3lares para quem fornecesse ao Governo dos Estados Unidos da Am\u00e9rica informa\u00e7\u00f5es sobre ele. Juntou-se ao grupo ainda adolescente, mas foi s\u00f3 no ano passado, com 56 anos, que se tornou no segundo elemento mais importante do Hezbollah. Ao longo de todos estes anos, foi v\u00edtima de v\u00e1rias tentativas de assassinato, mas foi quando menos se esperava, num ataque surpresa ao fim de v\u00e1rios meses de paz na capital do L\u00edbano, que o ex\u00e9rcito israelita reivindicou a morte de Haytham Abu Ali Tabatabai, o chefe militar do grupo xiita liban\u00eas.<\/p>\n<p>Est\u00e1 em vigor, h\u00e1 cerca de um ano, um cessar-fogo entre o L\u00edbano e Israel. O ponto mais importante do acordo visava o desarmamento do Hezbollah e a sua retirada da margem sul do rio Litani. Ao longo destes 365 dias, foram v\u00e1rias as ocasi\u00f5es em que os israelitas dizem ter sido obrigados a retomar a ofensiva em territ\u00f3rio liban\u00eas para garantir que o Hezbollah cumpria as condi\u00e7\u00f5es acordadas. O mesmo aconteceu este domingo, quando as IDF bombardearam os sub\u00farbios de Beirute pela primeira vez em mais de cinco meses e atingiram o apartamento onde se encontrava Ali Tabatabai.<\/p>\n<p>No total, morreram cinco pessoas \u2014 incluindo o Chefe do Estado-maior do Hezbollah \u2014 e outras 28 pessoas ficaram feridas, de acordo com o Minist\u00e9rio da Sa\u00fade do L\u00edbano. O grupo xiita liban\u00eas, em rea\u00e7\u00e3o ao ataque e quando ainda n\u00e3o era conhecido o paradeiro do n\u00famero dois do seu bra\u00e7o armado, garantiu estar a avaliar os danos da ofensiva israelita, bem como a escala da resposta que iriam dar a Israel. \u201cTudo \u00e9 poss\u00edvel\u201d, admitiu Mahmoud Qamati, um membro do conselho pol\u00edtico do Hezbollah, quando questionado sobre a poss\u00edvel retalia\u00e7\u00e3o contra Telavive.<\/p>\n<p>O respons\u00e1vel pelas <a href=\"https:\/\/twitter.com\/idfonline\/status\/1992638038166405151\" rel=\"nofollow noopener\" target=\"_blank\">IDF<\/a>, o tenente general Eyal Zamir, em confer\u00eancia de imprensa ap\u00f3s a confirma\u00e7\u00e3o da identidade do alvo deste ataque, diz que o objetivo \u2014 para al\u00e9m de eliminar \u201co comandante mais experiente da organiza\u00e7\u00e3o terrorista Hezbollah\u201d \u2014 foi \u201cprevenir o reerguer do grupo\u201d, bem como \u201catingir especificamente aqueles que querem ferir o Estado de Israel\u201d. Adicionalmente, o Chefe do Estado-maior do Ex\u00e9rcito israelita garante estar comprometido com o acordo de cessar-fogo entre Israel e o L\u00edbano, mas que n\u00e3o v\u00e3o \u201cpermitir o fortalecimento ou rearmamento da organiza\u00e7\u00e3o terrorista Hezbollah\u201d, prometendo \u201cremover qualquer amea\u00e7a \u00e0 popula\u00e7\u00e3o\u201d israelita.<\/p>\n<blockquote class=\"twitter-tweet\" data-width=\"500\" data-dnt=\"true\">\n<p lang=\"iw\" dir=\"rtl\">\u05e6\u05d4&#8221;\u05dc \u05d7\u05d9\u05e1\u05dc \u05d0\u05ea \u05d4\u05d9\u05ea&#8217;\u05dd \u05e2\u05dc\u05d9 \u05d8\u05d1\u05d8\u05d1\u05d0\u05d0\u05f3\u05d9 \u05e8\u05de\u05d8\u05db&#8221;\u05dc \u05d0\u05e8\u05d2\u05d5\u05df \u05d4\u05d8\u05e8\u05d5\u05e8 \u05d7\u05d9\u05d6\u05d1\u05d0\u05dc\u05dc\u05d4<\/p>\n<p>\u05d3\u05d5\u05d1\u05e8 \u05e6\u05d4\u05f4\u05dc \u05de\u05d5\u05d3\u05d9\u05e2 \u05db\u05d9 \u05d4\u05d9\u05d5\u05dd, \u05d4-23 \u05d1\u05e0\u05d5\u05d1\u05de\u05d1\u05e8 2025, \u05e6\u05d4&#8221;\u05dc \u05ea\u05e7\u05e3 \u05d1\u05d4\u05db\u05d5\u05d5\u05e0\u05ea \u05d0\u05de&#8221;\u05df \u05d5\u05d1\u05d0\u05de\u05e6\u05e2\u05d5\u05ea \u05d7\u05d9\u05dc \u05d4\u05d0\u05d5\u05d5\u05d9\u05e8, \u05d1\u05de\u05e8\u05d7\u05d1 \u05d1\u05d9\u05d9\u05e8\u05d5\u05ea \u05d5\u05d7\u05d9\u05e1\u05dc \u05d0\u05ea \u05d4\u05de\u05d7\u05d1\u05dc \u05d4\u05d9\u05ea&#8217;\u05dd \u05e2\u05dc\u05d9 \u05d8\u05d1\u05d8\u05d1\u05d0\u05d0\u05f3\u05d9, \u05e8\u05de\u05d8\u05db&#8221;\u05dc \u05d7\u05d9\u05d6\u05d1\u05d0\u05dc\u05dc\u05d4 \u05d1\u05e4\u05d5\u05e2\u05dc.<\/p>\n<p>\u05d8\u05d1\u05d8\u05d1\u05d0\u05d0\u05f3\u05d9 \u05d4\u05d9\u05d4 \u05e4\u05e2\u05d9\u05dc \u05d5\u05ea\u05d9\u05e7 \u05d5\u05de\u05e8\u05db\u05d6\u05d9 \u05d1\u05d0\u05e8\u05d2\u05d5\u05df \u05d4\u05d8\u05e8\u05d5\u05e8, \u05d4\u05e6\u05d8\u05e8\u05e3 \u05dc\u05e9\u05d5\u05e8\u05d5\u05ea\u05d9\u05d5\u2026 <a href=\"https:\/\/t.co\/UwsRKSw6sm\" rel=\"nofollow\">pic.twitter.com\/UwsRKSw6sm<\/a><\/p>\n<p>\u2014 \u05e6\u05d1\u05d0 \u05d4\u05d4\u05d2\u05e0\u05d4 \u05dc\u05d9\u05e9\u05e8\u05d0\u05dc (@idfonline) <a href=\"https:\/\/twitter.com\/idfonline\/status\/1992638038166405151?ref_src=twsrc%5Etfw\" rel=\"nofollow noopener\" target=\"_blank\">November 23, 2025<\/a><\/p>\n<\/blockquote>\n<p>Haytham Abu Ali Tabatabai, como muitos jovens libaneses radicalizados pelo historial b\u00e9lico do pa\u00eds, juntou-se ao bra\u00e7o armado do Hezbollah antes de completar 18 anos. Nascido em 1968, na capital do L\u00edbano, filho de m\u00e3e libanesa e pai iraniano, acabou por se alistar no ex\u00e9rcito do grupo xiita pouco mais de uma d\u00e9cada depois de nascer, nos anos 80, durante a guerra civil, opondo-se \u00e0s for\u00e7as norte-americanas no pa\u00eds, bem como contra as for\u00e7as s\u00edrias uns anos mais tarde.<\/p>\n<p>Acumulando uma grande experi\u00eancia militar logo ao fim de poucos anos de milit\u00e2ncia, Ali Tabatai passou por v\u00e1rios cargos at\u00e9 se tornar no respons\u00e1vel da organiza\u00e7\u00e3o na S\u00edria. Foi, tamb\u00e9m, comandante da For\u00e7a Radwan, uma unidade do Hezbollah unicamente focada no conflito com Israel. Mas ter\u00e1 sido em territ\u00f3rio s\u00edrio que ganhou popularidade, ao fortalecer a presen\u00e7a do grupo do outro lado da fronteira.<\/p>\n<p>Os efeitos das suas opera\u00e7\u00f5es na S\u00edria eram t\u00e3o evidentes que Israel o classificou logo como uma amea\u00e7a. Em 2015, o ex\u00e9rcito israelita bombardeou o sul da S\u00edria com o objetivo de neutralizar Ali Tabatabai. Fracassaram e mataram um outro comandante do Hezbollah, Jihad Mughniyeh, enquanto o respons\u00e1vel pelos trabalhos do grupo em territ\u00f3rio s\u00edrio conseguiu escapar ileso.<\/p>\n<p>Acumulando os encargos das opera\u00e7\u00f5es do Hezbollah tanto na S\u00edria e no I\u00e9men, Haytham Abu Ali Tabatabai tornou-se numa figura incontorn\u00e1vel no meio. Em 2016, os Estados Unidos da Am\u00e9rica chegaram a emitir uma recompensa de cinco milh\u00f5es de d\u00f3lares para quem conseguisse chegar at\u00e9 ao comandante liban\u00eas. Nunca foi reclamada.<\/p>\n<p>Mais recentemente, depois do dia 7 de outubro de 2023 ter despertado as tens\u00f5es j\u00e1 quentes na regi\u00e3o, Ali Tabatabai foi destacado com uma nova responsabilidade. Largados os seus encargos no estrangeiro, passaria a comandar as opera\u00e7\u00f5es da organiza\u00e7\u00e3o, sendo o respons\u00e1vel pelo fortalecimento do bra\u00e7o armado do Hezbollah, e segundo em comando do grupo atr\u00e1s apenas do secret\u00e1rio-geral Naim Qassem, que sucedeu o l\u00edder defunto ap\u00f3s o ataque orquestrado por Netanyahu durante a Assembleia-geral das Na\u00e7\u00f5es Unidas do ano passado.<\/p>\n<p>Foi s\u00f3 em novembro de 2024, quando Israel lan\u00e7ou uma ofensiva que acabou por matar grande parte do topo da hierarquia militar do Hezbollah, que Haytham Abu Ali Tabatabai ascendeu \u00e0 chefia de toda a cadeia militar do grupo. Como chefe militar do Hezbollah \u2014 assumindo fun\u00e7\u00f5es pouco antes de ter sido assinado o cessar-fogo entre o L\u00edbano e Israel \u2014, o comandante focou-se em reunir as for\u00e7as armadas do grupo xiita com o objetivo de as reabilitar para um futuro conflito com as tropas de Telavive.<\/p>\n<p>            <script async src=\"https:\/\/platform.twitter.com\/widgets.js\" charset=\"utf-8\"><\/script><\/p>\n","protected":false},"excerpt":{"rendered":"Desde 2016, havia uma recompensa de cinco milh\u00f5es de d\u00f3lares para quem fornecesse ao Governo dos Estados Unidos&hellip;\n","protected":false},"author":2,"featured_media":162619,"comment_status":"","ping_status":"","sticky":false,"template":"","format":"standard","meta":{"footnotes":""},"categories":[50],"tags":[27,28,15,16,14,14667,259,25,26,21,22,310,62,12,13,19,20,23,24,17,18,29,30,31,63,64,65],"class_list":{"0":"post-162618","1":"post","2":"type-post","3":"status-publish","4":"format-standard","5":"has-post-thumbnail","7":"category-mundo","8":"tag-breaking-news","9":"tag-breakingnews","10":"tag-featured-news","11":"tag-featurednews","12":"tag-headlines","13":"tag-hezbollah","14":"tag-israel","15":"tag-latest-news","16":"tag-latestnews","17":"tag-main-news","18":"tag-mainnews","19":"tag-mu00e9dio-oriente","20":"tag-mundo","21":"tag-news","22":"tag-noticias","23":"tag-noticias-principais","24":"tag-noticiasprincipais","25":"tag-principais-noticias","26":"tag-principaisnoticias","27":"tag-top-stories","28":"tag-topstories","29":"tag-ultimas","30":"tag-ultimas-noticias","31":"tag-ultimasnoticias","32":"tag-world","33":"tag-world-news","34":"tag-worldnews"},"share_on_mastodon":{"url":"https:\/\/pubeurope.com\/@pt\/115601218241826862","error":""},"_links":{"self":[{"href":"https:\/\/www.europesays.com\/pt\/wp-json\/wp\/v2\/posts\/162618","targetHints":{"allow":["GET"]}}],"collection":[{"href":"https:\/\/www.europesays.com\/pt\/wp-json\/wp\/v2\/posts"}],"about":[{"href":"https:\/\/www.europesays.com\/pt\/wp-json\/wp\/v2\/types\/post"}],"author":[{"embeddable":true,"href":"https:\/\/www.europesays.com\/pt\/wp-json\/wp\/v2\/users\/2"}],"replies":[{"embeddable":true,"href":"https:\/\/www.europesays.com\/pt\/wp-json\/wp\/v2\/comments?post=162618"}],"version-history":[{"count":0,"href":"https:\/\/www.europesays.com\/pt\/wp-json\/wp\/v2\/posts\/162618\/revisions"}],"wp:featuredmedia":[{"embeddable":true,"href":"https:\/\/www.europesays.com\/pt\/wp-json\/wp\/v2\/media\/162619"}],"wp:attachment":[{"href":"https:\/\/www.europesays.com\/pt\/wp-json\/wp\/v2\/media?parent=162618"}],"wp:term":[{"taxonomy":"category","embeddable":true,"href":"https:\/\/www.europesays.com\/pt\/wp-json\/wp\/v2\/categories?post=162618"},{"taxonomy":"post_tag","embeddable":true,"href":"https:\/\/www.europesays.com\/pt\/wp-json\/wp\/v2\/tags?post=162618"}],"curies":[{"name":"wp","href":"https:\/\/api.w.org\/{rel}","templated":true}]}}