{"id":162620,"date":"2025-11-23T21:49:11","date_gmt":"2025-11-23T21:49:11","guid":{"rendered":"https:\/\/www.europesays.com\/pt\/162620\/"},"modified":"2025-11-23T21:49:11","modified_gmt":"2025-11-23T21:49:11","slug":"elevador-da-gloria-fidelidade-aponta-para-milhoes-em-indemnizacoes","status":"publish","type":"post","link":"https:\/\/www.europesays.com\/pt\/162620\/","title":{"rendered":"Elevador da Gl\u00f3ria. Fidelidade aponta para milh\u00f5es em indemniza\u00e7\u00f5es"},"content":{"rendered":"<p>                O diretor executivo da Fidelidade diz que o processo de indemniza\u00e7\u00f5es \u00e0s v\u00edtimas do acidente do elevador da Gl\u00f3ria pode demorar anos a concluir.<\/p>\n<p>&#13;<br \/>\nRog\u00e9rio Campos Henriques garante, no entanto, que ningu\u00e9m ficar\u00e1 desamparado at\u00e9 que tudo esteja esclarecido.&#13;\n<\/p>\n<p>          <img decoding=\"async\" itemprop=\"image\" class=\"img-fluid\"   src=\"https:\/\/www.europesays.com\/pt\/wp-content\/uploads\/2025\/11\/10dac8f8bd451611a0fd93ee7572601c_N.jpg\"\/><\/p>\n<p>&#13;<br \/>\nEm entrevista \u00e0 Antena 1 e ao Jornal de Neg\u00f3cios, o respons\u00e1vel revelou que as indemniza\u00e7\u00f5es podem chegar a v\u00e1rios milh\u00f5es de euros.&#13;\n<\/p>\n<p>&#13;<br \/>\nCampos Henriques assegurou que h\u00e1 valores que j\u00e1 est\u00e3o a ser pagos \u00e0s fam\u00edlias.<br \/>&#13;<\/p>\n","protected":false},"excerpt":{"rendered":"O diretor executivo da Fidelidade diz que o processo de indemniza\u00e7\u00f5es \u00e0s v\u00edtimas do acidente do elevador da&hellip;\n","protected":false},"author":2,"featured_media":162621,"comment_status":"","ping_status":"","sticky":false,"template":"","format":"standard","meta":{"footnotes":""},"categories":[10],"tags":[27,28,15,16,14,25,26,21,22,12,13,19,20,32,23,24,33,420,421,17,18,29,30,31],"class_list":{"0":"post-162620","1":"post","2":"type-post","3":"status-publish","4":"format-standard","5":"has-post-thumbnail","7":"category-portugal","8":"tag-breaking-news","9":"tag-breakingnews","10":"tag-featured-news","11":"tag-featurednews","12":"tag-headlines","13":"tag-latest-news","14":"tag-latestnews","15":"tag-main-news","16":"tag-mainnews","17":"tag-news","18":"tag-noticias","19":"tag-noticias-principais","20":"tag-noticiasprincipais","21":"tag-portugal","22":"tag-principais-noticias","23":"tag-principaisnoticias","24":"tag-pt","25":"tag-rtp","26":"tag-rtp-noticias","27":"tag-top-stories","28":"tag-topstories","29":"tag-ultimas","30":"tag-ultimas-noticias","31":"tag-ultimasnoticias"},"share_on_mastodon":{"url":"https:\/\/pubeurope.com\/@pt\/115601222987901126","error":""},"_links":{"self":[{"href":"https:\/\/www.europesays.com\/pt\/wp-json\/wp\/v2\/posts\/162620","targetHints":{"allow":["GET"]}}],"collection":[{"href":"https:\/\/www.europesays.com\/pt\/wp-json\/wp\/v2\/posts"}],"about":[{"href":"https:\/\/www.europesays.com\/pt\/wp-json\/wp\/v2\/types\/post"}],"author":[{"embeddable":true,"href":"https:\/\/www.europesays.com\/pt\/wp-json\/wp\/v2\/users\/2"}],"replies":[{"embeddable":true,"href":"https:\/\/www.europesays.com\/pt\/wp-json\/wp\/v2\/comments?post=162620"}],"version-history":[{"count":0,"href":"https:\/\/www.europesays.com\/pt\/wp-json\/wp\/v2\/posts\/162620\/revisions"}],"wp:featuredmedia":[{"embeddable":true,"href":"https:\/\/www.europesays.com\/pt\/wp-json\/wp\/v2\/media\/162621"}],"wp:attachment":[{"href":"https:\/\/www.europesays.com\/pt\/wp-json\/wp\/v2\/media?parent=162620"}],"wp:term":[{"taxonomy":"category","embeddable":true,"href":"https:\/\/www.europesays.com\/pt\/wp-json\/wp\/v2\/categories?post=162620"},{"taxonomy":"post_tag","embeddable":true,"href":"https:\/\/www.europesays.com\/pt\/wp-json\/wp\/v2\/tags?post=162620"}],"curies":[{"name":"wp","href":"https:\/\/api.w.org\/{rel}","templated":true}]}}