{"id":162624,"date":"2025-11-23T21:51:10","date_gmt":"2025-11-23T21:51:10","guid":{"rendered":"https:\/\/www.europesays.com\/pt\/162624\/"},"modified":"2025-11-23T21:51:10","modified_gmt":"2025-11-23T21:51:10","slug":"angra-anuncia-saida-de-fabio-lione-leia-comunicado","status":"publish","type":"post","link":"https:\/\/www.europesays.com\/pt\/162624\/","title":{"rendered":"Angra anuncia sa\u00edda de Fabio Lione; leia comunicado"},"content":{"rendered":"\n<p>O <strong><a href=\"https:\/\/igormiranda.com.br\/tag\/angra\/\" target=\"_blank\" rel=\"noreferrer noopener nofollow\">Angra<\/a><\/strong> comunicou a sa\u00edda de <strong><a href=\"https:\/\/igormiranda.com.br\/tag\/fabio-lione\/\" target=\"_blank\" rel=\"noreferrer noopener nofollow\">Fabio Lione<\/a><\/strong>. O vocalista, membro desde 2013, far\u00e1 sua despedida com a banda no show especial do <strong><a href=\"https:\/\/igormiranda.com.br\/tag\/bangers-open-air-2026\/\" target=\"_blank\" rel=\"noreferrer noopener nofollow\">Bangers Open Air 2026<\/a><\/strong>, junto a tr\u00eas ex-integrantes \u2014 o cantor <strong>Edu Falaschi<\/strong>, o guitarrista <strong>Kiko Loureiro<\/strong> e o baterista <strong>Aquiles Priester<\/strong> \u2014, em 26 de abril de 2026.<\/p>\n<p>\u00ad<\/p>\n<p>&#8211; Advertisement &#8211;<\/p>\n<p>Leia comunicado:<\/p>\n<p>\u201c\u00c9 com profunda gratid\u00e3o e admira\u00e7\u00e3o que o Angra comunica oficialmente a sa\u00edda do vocalista Fabio Lione. Fabio \u00e9 um cantor extraordin\u00e1rio e um ser humano \u00edmpar, que marcou nossa hist\u00f3ria com sua entrega, sua sensibilidade art\u00edstica e uma voz capaz de emocionar e impressionar plateias no mundo inteiro.<\/p>\n<p>Ao longo de 13 anos, Fabio dedicou uma parte enorme da sua vida ao Angra, muitas vezes longe de sua casa na It\u00e1lia, da sua fam\u00edlia e da sua rotina. Esse esfor\u00e7o constante, sempre realizado com profissionalismo, paix\u00e3o e generosidade, \u00e9 algo pelo qual teremos eterna admira\u00e7\u00e3o. Foram incont\u00e1veis viagens, turn\u00eas exaustivas, horas e horas nos est\u00fadios e momentos que ficar\u00e3o para sempre na mem\u00f3ria da banda e dos f\u00e3s.<\/p>\n<p>Com o tempo, Fabio acabou ficando um pouco brasileiro tamb\u00e9m. Incorporou nossa cultura, nosso idioma, nosso humor e nossa maneira de ver a vida. Tornou-se parte da nossa fam\u00edlia musical e conquistou um lugar especial no cora\u00e7\u00e3o dos f\u00e3s que sempre o receberam com um carinho imenso.<\/p>\n<p>Ele \u00e9 muito querido por todos n\u00f3s e sua presen\u00e7a marcou profundamente todos que tiveram a chance de trabalhar ou conviver com ele. Seu legado dentro do Angra ser\u00e1 lembrado pra sempre atrav\u00e9s da m\u00fasica que fizemos juntos e do nosso tempo compartilhando a estrada e a vida.<\/p>\n<p>Desejamos a ele todo o sucesso e felicidade nos pr\u00f3ximos cap\u00edtulos de sua jornada. Agradecemos sinceramente por cada ano de dedica\u00e7\u00e3o e pelas mem\u00f3rias que constru\u00edmos juntos. Nossa admira\u00e7\u00e3o permanece intacta e as portas estar\u00e3o sempre abertas para ele. O Fabio far\u00e1 sua despedida do Angra no show do Bangers Open Air. Obrigado, Fabio! Angra\u201d<\/p>\n<blockquote class=\"instagram-media\" data-instgrm-permalink=\"https:\/\/www.instagram.com\/p\/DRZ6XhQkZgd\/?utm_source=ig_embed&amp;utm_campaign=loading\" data-instgrm-version=\"14\" style=\"background:#FFF; border:0; border-radius:3px; box-shadow:0 0 1px 0 rgba(0,0,0,0.5),0 1px 10px 0 rgba(0,0,0,0.15); margin: 1px; max-width:540px; min-width:326px; padding:0; width:99.375%; width:-webkit-calc(100% - 2px); width:calc(100% - 2px);\"><\/blockquote>\n<p>  Sobre Fabio Lione <\/p>\n<p>Fabio Tordiglione nasceu em 9 de outubro de 1973 em Pisa, It\u00e1lia. Come\u00e7ou sua carreira em bandas como Labyrinth e Athena XIX, consagrando-se com o Rhapsody of Fire, com quem esteve de 1995 a 2016. Tamb\u00e9m integrou o Vision Divine.<\/p>\n<p>Em 2010, Lione assumiu temporariamente a fun\u00e7\u00e3o de vocalista do Kamelot para a turn\u00ea de lan\u00e7amento do \u00e1lbum \u201cPoetry for the Poisoned\u201d, ap\u00f3s a sa\u00edda do ent\u00e3o vocalista Roy Khan. Permaneceu at\u00e9 2012.<\/p>\n<p>Seu v\u00ednculo com o Angra foi iniciado em 2013, a princ\u00edpio como convidado, at\u00e9 sua efetiva\u00e7\u00e3o. Gravou tr\u00eas \u00e1lbuns de est\u00fadio: \u201cSecret Garden\u201d (2014), \u201c\u00d8mni\u201d (2018) e \u201cCycles of Pain\u201d (2023), al\u00e9m de trabalhos ao vivo.<\/p>\n<p>Em tempos recentes, trabalhou novamente com o guitarrista Luca Turilli, tamb\u00e9m ex-Rhapsody of Fire. O projeto Turilli \/ Lione Rhapsody foi retomado para shows na Am\u00e9rica Latina em junho de 2026.<\/p>\n<p><strong>Clique<\/strong> para seguir IgorMiranda.com.br no: <a href=\"https:\/\/instagram.com\/igormirandasite\" target=\"_blank\" rel=\"noreferrer noopener nofollow\">Instagram<\/a> | <a href=\"https:\/\/bsky.app\/profile\/igormirandasite.bsky.social\" target=\"_blank\" rel=\"noreferrer noopener nofollow\">Bluesky<\/a> | <a href=\"https:\/\/twitter.com\/igormirandasite\" target=\"_blank\" rel=\"noreferrer noopener nofollow\">Twitter<\/a> | <a href=\"https:\/\/tiktok.com\/@igormirandasite\" target=\"_blank\" rel=\"noreferrer noopener nofollow\">TikTok<\/a> | <a href=\"https:\/\/facebook.com\/igormirandasite\" target=\"_blank\" rel=\"noreferrer noopener nofollow\">Facebook<\/a> | <a href=\"https:\/\/www.youtube.com\/igormirandasite\" target=\"_blank\" rel=\"noreferrer noopener nofollow\">YouTube<\/a> | <a href=\"https:\/\/www.threads.net\/@igormirandasite\" target=\"_blank\" rel=\"noreferrer noopener nofollow\">Threads<\/a>.<\/p>\n<p> <script async src=\"https:\/\/platform.twitter.com\/widgets.js\" charset=\"utf-8\"><\/script><script async src=\"\/\/www.instagram.com\/embed.js\"><\/script><script async src=\"\/\/www.tiktok.com\/embed.js\"><\/script><\/p>\n","protected":false},"excerpt":{"rendered":"O Angra comunicou a sa\u00edda de Fabio Lione. O vocalista, membro desde 2013, far\u00e1 sua despedida com a&hellip;\n","protected":false},"author":2,"featured_media":162625,"comment_status":"","ping_status":"","sticky":false,"template":"","format":"standard","meta":{"footnotes":""},"categories":[145],"tags":[16454,211,210,114,115,16455,32,33],"class_list":{"0":"post-162624","1":"post","2":"type-post","3":"status-publish","4":"format-standard","5":"has-post-thumbnail","7":"category-celebridades","8":"tag-angra","9":"tag-celebridades","10":"tag-celebrities","11":"tag-entertainment","12":"tag-entretenimento","13":"tag-fabio-lione","14":"tag-portugal","15":"tag-pt"},"share_on_mastodon":{"url":"","error":""},"_links":{"self":[{"href":"https:\/\/www.europesays.com\/pt\/wp-json\/wp\/v2\/posts\/162624","targetHints":{"allow":["GET"]}}],"collection":[{"href":"https:\/\/www.europesays.com\/pt\/wp-json\/wp\/v2\/posts"}],"about":[{"href":"https:\/\/www.europesays.com\/pt\/wp-json\/wp\/v2\/types\/post"}],"author":[{"embeddable":true,"href":"https:\/\/www.europesays.com\/pt\/wp-json\/wp\/v2\/users\/2"}],"replies":[{"embeddable":true,"href":"https:\/\/www.europesays.com\/pt\/wp-json\/wp\/v2\/comments?post=162624"}],"version-history":[{"count":0,"href":"https:\/\/www.europesays.com\/pt\/wp-json\/wp\/v2\/posts\/162624\/revisions"}],"wp:featuredmedia":[{"embeddable":true,"href":"https:\/\/www.europesays.com\/pt\/wp-json\/wp\/v2\/media\/162625"}],"wp:attachment":[{"href":"https:\/\/www.europesays.com\/pt\/wp-json\/wp\/v2\/media?parent=162624"}],"wp:term":[{"taxonomy":"category","embeddable":true,"href":"https:\/\/www.europesays.com\/pt\/wp-json\/wp\/v2\/categories?post=162624"},{"taxonomy":"post_tag","embeddable":true,"href":"https:\/\/www.europesays.com\/pt\/wp-json\/wp\/v2\/tags?post=162624"}],"curies":[{"name":"wp","href":"https:\/\/api.w.org\/{rel}","templated":true}]}}