{"id":162626,"date":"2025-11-23T21:54:24","date_gmt":"2025-11-23T21:54:24","guid":{"rendered":"https:\/\/www.europesays.com\/pt\/162626\/"},"modified":"2025-11-23T21:54:24","modified_gmt":"2025-11-23T21:54:24","slug":"barbara-parada-surpreende-fas-e-revela-quem-quer-ver-vencer-a-casa-dos-segredos-9","status":"publish","type":"post","link":"https:\/\/www.europesays.com\/pt\/162626\/","title":{"rendered":"B\u00e1rbara Parada surpreende f\u00e3s e revela quem quer ver vencer a \u201cCasa dos Segredos 9\u201d"},"content":{"rendered":"<p><a href=\"https:\/\/infocul.pt\/francisco-monteiro-e-barbara-parada-novos-sinais-reacendem-rumores-de-separacao-definitiva\/\" rel=\"nofollow noopener\" target=\"_blank\">B\u00e1rbara Parada <\/a>surpreende f\u00e3s e revela quem quer ver vencer a \u201cCasa dos Segredos 9\u201d, atrav\u00e9s das redes sociais.<\/p>\n<p>Influenciadora j\u00e1 escolheu o seu concorrente favorito<\/p>\n<p>A menos de um m\u00eas da grande final, come\u00e7am a surgir apostas para vencedor da <strong>\u201cCasa dos Segredos 9\u201d<\/strong>. Entre as opini\u00f5es que mais ecoaram nas redes sociais est\u00e1 a de <strong>B\u00e1rbara Parada<\/strong>, que decidiu revelar publicamente quem apoia nesta reta final.<\/p>\n<p>B\u00e1rbara escolhe Leandro sem rodeios<\/p>\n<p>Na sexta-feira, <strong>21 de novembro<\/strong>, a ex-concorrente do Big Brother recorreu \u00e0s redes sociais para deixar clara a sua prefer\u00eancia e n\u00e3o escondeu o entusiasmo ao elogiar o concorrente.<\/p>\n<p>Sem qualquer hesita\u00e7\u00e3o, escreveu:<br \/><strong>\u201cO meu favorito \u00e9 o Leandro. Opa ele \u00e9 mesmo engra\u00e7ado. At\u00e9 no simples dia a dia mete mesmo piada ahahah.\u201d<\/strong><\/p>\n<p>A influenciadora acrescentou ainda que nem tudo tem sido justo para o participante, mostrando solidariedade:<br \/><strong>\u201cE j\u00e1 lhe fizeram coisas que n\u00e3o gostei \ud83e\udd7a\u201d<\/strong><\/p>\n<p><a href=\"https:\/\/news.google.com\/publications\/CAAqBwgKMKfIoAswtNK4Aw\" target=\"_blank\" rel=\"noopener noreferrer nofollow\"><img loading=\"lazy\" data-lazyloaded=\"1\" width=\"481\" height=\"161\" decoding=\"async\" src=\"\/wp-content\/uploads\/2024\/02\/GN_siganos.png\" alt=\"Siga-nos no Google News\" style=\"margin-top:20px;\"\/><\/a><\/p>\n","protected":false},"excerpt":{"rendered":"B\u00e1rbara Parada surpreende f\u00e3s e revela quem quer ver vencer a \u201cCasa dos Segredos 9\u201d, atrav\u00e9s das redes&hellip;\n","protected":false},"author":2,"featured_media":162627,"comment_status":"","ping_status":"","sticky":false,"template":"","format":"standard","meta":{"footnotes":""},"categories":[142],"tags":[2151,2632,114,115,32,33,151],"class_list":{"0":"post-162626","1":"post","2":"type-post","3":"status-publish","4":"format-standard","5":"has-post-thumbnail","7":"category-tv","8":"tag-barbara-parada","9":"tag-casa-dos-segredos","10":"tag-entertainment","11":"tag-entretenimento","12":"tag-portugal","13":"tag-pt","14":"tag-tv"},"share_on_mastodon":{"url":"https:\/\/pubeurope.com\/@pt\/115601242286891300","error":""},"_links":{"self":[{"href":"https:\/\/www.europesays.com\/pt\/wp-json\/wp\/v2\/posts\/162626","targetHints":{"allow":["GET"]}}],"collection":[{"href":"https:\/\/www.europesays.com\/pt\/wp-json\/wp\/v2\/posts"}],"about":[{"href":"https:\/\/www.europesays.com\/pt\/wp-json\/wp\/v2\/types\/post"}],"author":[{"embeddable":true,"href":"https:\/\/www.europesays.com\/pt\/wp-json\/wp\/v2\/users\/2"}],"replies":[{"embeddable":true,"href":"https:\/\/www.europesays.com\/pt\/wp-json\/wp\/v2\/comments?post=162626"}],"version-history":[{"count":0,"href":"https:\/\/www.europesays.com\/pt\/wp-json\/wp\/v2\/posts\/162626\/revisions"}],"wp:featuredmedia":[{"embeddable":true,"href":"https:\/\/www.europesays.com\/pt\/wp-json\/wp\/v2\/media\/162627"}],"wp:attachment":[{"href":"https:\/\/www.europesays.com\/pt\/wp-json\/wp\/v2\/media?parent=162626"}],"wp:term":[{"taxonomy":"category","embeddable":true,"href":"https:\/\/www.europesays.com\/pt\/wp-json\/wp\/v2\/categories?post=162626"},{"taxonomy":"post_tag","embeddable":true,"href":"https:\/\/www.europesays.com\/pt\/wp-json\/wp\/v2\/tags?post=162626"}],"curies":[{"name":"wp","href":"https:\/\/api.w.org\/{rel}","templated":true}]}}