{"id":162630,"date":"2025-11-23T21:56:20","date_gmt":"2025-11-23T21:56:20","guid":{"rendered":"https:\/\/www.europesays.com\/pt\/162630\/"},"modified":"2025-11-23T21:56:20","modified_gmt":"2025-11-23T21:56:20","slug":"revelada-cena-com-thor-x-men-e-o-doutor-destino","status":"publish","type":"post","link":"https:\/\/www.europesays.com\/pt\/162630\/","title":{"rendered":"Revelada cena com Thor, X-Men e o Doutor Destino"},"content":{"rendered":"<p><a href=\"https:\/\/legadodamarvel.com.br\/filme\/vingadores-doomsday\" rel=\"nofollow noopener\" target=\"_blank\">Vingadores 5<\/a> promete trazer a reuni\u00e3o \u00c9PICA de diferentes personagens, n\u00e3o s\u00f3 os famosos do MCU. Afinal, o filme contar\u00e1 com o retorno do elenco ORIGINAL dos <a href=\"https:\/\/legadodamarvel.com.br\/tag\/x-men\" rel=\"nofollow noopener\" target=\"_blank\">X-men<\/a> da antiga Fox.<\/p>\n<p>Gra\u00e7as ao Multiverso, a Marvel Studios encontrou a oportunidade perfeita para brincar com os filmes cl\u00e1ssicos da 20th Century Fox, bem antes do surgimento do MCU.<\/p>\n<p>Ao mesmo tempo que integra os diferentes universos da Marvel em outros est\u00fadios, os f\u00e3s ganhar\u00e3o algo t\u00e3o \u2013 ou mais \u2013 grandioso que o <a href=\"https:\/\/legadodamarvel.com.br\/tag\/vingadores-ultimato\" rel=\"nofollow noopener\" target=\"_blank\">Ultimato<\/a>.<\/p>\n<p>E agora temos um novo teaser para esse encontro \u00e9pico!<\/p>\n<p>Vingadores 5 e intera\u00e7\u00f5es \u00e9picas com os X-Men<\/p>\n<p>Em <a href=\"https:\/\/www.reddit.com\/r\/MarvelStudiosSpoilers\/comments\/1p3ezgg\/kelsey_grammer_beast_mentioned_chris_hemsworth\" rel=\"nofollow noopener\" target=\"_blank\">entrevista<\/a> recente, o ator <a href=\"https:\/\/legadodamarvel.com.br\/tag\/kelsey-grammer\" rel=\"nofollow noopener\" target=\"_blank\">Kelsey Grammer<\/a> (Fera) falou sobre alguns atores espec\u00edficos com quem ele dividiu cenas em Doomsday. Ou seja, confirmando alguns personagens que v\u00e3o interagir diretamente.<\/p>\n<p>De acordo com Kelsey, suas intera\u00e7\u00f5es favoritas foram com o <strong>THOR<\/strong> (Chris Hemsworth), <strong>Doutor Destino<\/strong> (Robert Downey Jr.) e <strong>Reed Richards<\/strong> (Pedro Pascal).<\/p>\n<p>Por mais que pare\u00e7a \u00f3bvio, vimos em Guerra Infinita e no Ultimato que muitos personagens n\u00e3o compartilham cenas e nem chegam perto um do outro.<\/p>\n<p>Portanto, a men\u00e7\u00e3o ao Thor \u00e9 uma das mais curiosas. J\u00e1 que o Deus do Trov\u00e3o pode ter qualquer tipo de papel na hist\u00f3ria, seja com as equipes ou independentemente.<\/p>\n<p>O Thor vai parar em outro universo? Ou os X-Men pular\u00e3o para a Terra-616? Tudo pode acontecer daqui pra frente! Ent\u00e3o fa\u00e7a suas apostas e elabore suas teorias logo abaixo.<\/p>\n<p><strong>LEIA TAMB\u00c9M:<\/strong><\/p>\n<p>Por fim, Vingadores: Doomsday chega aos cinemas em dezembro de 2026. M\u00eas que vem, marcando 1 ano para a estreia, teremos o PRIMEIRO TRAILER. Que voc\u00ea conferir\u00e1 aqui no <strong>Legado<\/strong>.<\/p>\n<p>Ent\u00e3o fique de olho para n\u00e3o perder nenhum detalhe!<\/p>\n","protected":false},"excerpt":{"rendered":"Vingadores 5 promete trazer a reuni\u00e3o \u00c9PICA de diferentes personagens, n\u00e3o s\u00f3 os famosos do MCU. Afinal, o&hellip;\n","protected":false},"author":2,"featured_media":162631,"comment_status":"","ping_status":"","sticky":false,"template":"","format":"standard","meta":{"footnotes":""},"categories":[140],"tags":[114,115,147,148,146,32,33,14176],"class_list":{"0":"post-162630","1":"post","2":"type-post","3":"status-publish","4":"format-standard","5":"has-post-thumbnail","7":"category-filmes","8":"tag-entertainment","9":"tag-entretenimento","10":"tag-film","11":"tag-filmes","12":"tag-movies","13":"tag-portugal","14":"tag-pt","15":"tag-vingadores-doomsday"},"share_on_mastodon":{"url":"https:\/\/pubeurope.com\/@pt\/115601249698254425","error":""},"_links":{"self":[{"href":"https:\/\/www.europesays.com\/pt\/wp-json\/wp\/v2\/posts\/162630","targetHints":{"allow":["GET"]}}],"collection":[{"href":"https:\/\/www.europesays.com\/pt\/wp-json\/wp\/v2\/posts"}],"about":[{"href":"https:\/\/www.europesays.com\/pt\/wp-json\/wp\/v2\/types\/post"}],"author":[{"embeddable":true,"href":"https:\/\/www.europesays.com\/pt\/wp-json\/wp\/v2\/users\/2"}],"replies":[{"embeddable":true,"href":"https:\/\/www.europesays.com\/pt\/wp-json\/wp\/v2\/comments?post=162630"}],"version-history":[{"count":0,"href":"https:\/\/www.europesays.com\/pt\/wp-json\/wp\/v2\/posts\/162630\/revisions"}],"wp:featuredmedia":[{"embeddable":true,"href":"https:\/\/www.europesays.com\/pt\/wp-json\/wp\/v2\/media\/162631"}],"wp:attachment":[{"href":"https:\/\/www.europesays.com\/pt\/wp-json\/wp\/v2\/media?parent=162630"}],"wp:term":[{"taxonomy":"category","embeddable":true,"href":"https:\/\/www.europesays.com\/pt\/wp-json\/wp\/v2\/categories?post=162630"},{"taxonomy":"post_tag","embeddable":true,"href":"https:\/\/www.europesays.com\/pt\/wp-json\/wp\/v2\/tags?post=162630"}],"curies":[{"name":"wp","href":"https:\/\/api.w.org\/{rel}","templated":true}]}}