{"id":162634,"date":"2025-11-23T21:58:09","date_gmt":"2025-11-23T21:58:09","guid":{"rendered":"https:\/\/www.europesays.com\/pt\/162634\/"},"modified":"2025-11-23T21:58:09","modified_gmt":"2025-11-23T21:58:09","slug":"dengue-faz-21-vitimas-em-mt-e-periodo-chuvoso-abre-cenario-para-aumento-da-doenca","status":"publish","type":"post","link":"https:\/\/www.europesays.com\/pt\/162634\/","title":{"rendered":"Dengue faz 21 v\u00edtimas em MT e per\u00edodo chuvoso abre cen\u00e1rio para aumento da doen\u00e7a"},"content":{"rendered":"\n<p>A <a href=\"https:\/\/primeirapagina.com.br\/saude\/casos-de-dengue-em-mato-grosso-aumentam-349-em-uma-semana\/\" data-type=\"link\" data-id=\"https:\/\/primeirapagina.com.br\/saude\/casos-de-dengue-em-mato-grosso-aumentam-349-em-uma-semana\/\" rel=\"nofollow noopener\" target=\"_blank\">dengue<\/a> j\u00e1 provocou 21 mortes em Mato Grosso em 2025, segundo dados do <a href=\"https:\/\/sieges.saude.mt.gov.br\/dashboard\/51\" data-type=\"link\" data-id=\"https:\/\/sieges.saude.mt.gov.br\/dashboard\/51\" target=\"_blank\" rel=\"noopener nofollow\">painel de arboviroses<\/a> da Secretaria de Estado de Sa\u00fade (SES-MT). Com a chegada do per\u00edodo chuvoso, quando os criadouros do mosquito Aedes aegypti se multiplicam, a popula\u00e7\u00e3o deve redobrar os cuidados com a limpeza dos quintais e terrenos. <\/p>\n<p> <img fetchpriority=\"high\" decoding=\"async\" width=\"1200\" height=\"800\" src=\"https:\/\/www.europesays.com\/pt\/wp-content\/uploads\/2025\/11\/Dengue.jpg\" alt=\"Imagem mostra mosquito da Dengue na pele de uma pessoa\" class=\"wp-image-461818\"  \/>Dengue j\u00e1 matou 21 pessoas em 2025 em Mato Grosso. \u2013 Foto: Ag\u00eancia Brasil  <\/p>\n<p>No total, 29.767 casos de dengue foram confirmados neste ano em Mato Grosso. Apesar de ser expressivo, o estado registrou queda de 25% no n\u00famero da doen\u00e7a quando comparado com 2024, quando 39.657 casos foram confirmados. <\/p>\n<p>Cabe destacar que em Mato Grosso, al\u00e9m das 21 mortes confirmadas, outras 15 continuam em investiga\u00e7\u00e3o pela Ses-MT. <\/p>\n<p>Com rela\u00e7\u00e3o a Chikungunya, doen\u00e7a causada tamb\u00e9m pelo mosquito Aedes aegypt, o painel mostra que 65 mortes pela doen\u00e7a foram confirmadas e outras 25 est\u00e3o em investiga\u00e7\u00e3o. O n\u00famero de casos, segundo a SES-MT, atinge a marca de 46 mil, representando uma alta de 121%, visto que, em 2024, tiveram 21.123.<\/p>\n<ol class=\"read-more__list\">\n<li> <a href=\"https:\/\/primeirapagina.com.br\/economia\/midia\/papo-de-cabeca-nico-e-lau-celebram-20-anos-de-parceria-com-a-rmc\/\" rel=\"nofollow noopener\" target=\"_blank\">\n<p> Papo Cabe\u00e7a: Nico e Lau celebram 20 anos de parceria com a RMC <\/p>\n<p> <\/a> <\/li>\n<\/ol>\n","protected":false},"excerpt":{"rendered":"A dengue j\u00e1 provocou 21 mortes em Mato Grosso em 2025, segundo dados do painel de arboviroses da&hellip;\n","protected":false},"author":2,"featured_media":142692,"comment_status":"","ping_status":"","sticky":false,"template":"","format":"standard","meta":{"footnotes":""},"categories":[86],"tags":[116,32,33,117],"class_list":{"0":"post-162634","1":"post","2":"type-post","3":"status-publish","4":"format-standard","5":"has-post-thumbnail","7":"category-saude","8":"tag-health","9":"tag-portugal","10":"tag-pt","11":"tag-saude"},"share_on_mastodon":{"url":"https:\/\/pubeurope.com\/@pt\/115601257594483374","error":""},"_links":{"self":[{"href":"https:\/\/www.europesays.com\/pt\/wp-json\/wp\/v2\/posts\/162634","targetHints":{"allow":["GET"]}}],"collection":[{"href":"https:\/\/www.europesays.com\/pt\/wp-json\/wp\/v2\/posts"}],"about":[{"href":"https:\/\/www.europesays.com\/pt\/wp-json\/wp\/v2\/types\/post"}],"author":[{"embeddable":true,"href":"https:\/\/www.europesays.com\/pt\/wp-json\/wp\/v2\/users\/2"}],"replies":[{"embeddable":true,"href":"https:\/\/www.europesays.com\/pt\/wp-json\/wp\/v2\/comments?post=162634"}],"version-history":[{"count":0,"href":"https:\/\/www.europesays.com\/pt\/wp-json\/wp\/v2\/posts\/162634\/revisions"}],"wp:featuredmedia":[{"embeddable":true,"href":"https:\/\/www.europesays.com\/pt\/wp-json\/wp\/v2\/media\/142692"}],"wp:attachment":[{"href":"https:\/\/www.europesays.com\/pt\/wp-json\/wp\/v2\/media?parent=162634"}],"wp:term":[{"taxonomy":"category","embeddable":true,"href":"https:\/\/www.europesays.com\/pt\/wp-json\/wp\/v2\/categories?post=162634"},{"taxonomy":"post_tag","embeddable":true,"href":"https:\/\/www.europesays.com\/pt\/wp-json\/wp\/v2\/tags?post=162634"}],"curies":[{"name":"wp","href":"https:\/\/api.w.org\/{rel}","templated":true}]}}