{"id":162635,"date":"2025-11-23T22:00:09","date_gmt":"2025-11-23T22:00:09","guid":{"rendered":"https:\/\/www.europesays.com\/pt\/162635\/"},"modified":"2025-11-23T22:00:09","modified_gmt":"2025-11-23T22:00:09","slug":"galaxy-s26-ultra-deve-trazer-bateria-maior-diz-novo-rumor","status":"publish","type":"post","link":"https:\/\/www.europesays.com\/pt\/162635\/","title":{"rendered":"Galaxy S26 Ultra deve trazer bateria maior, diz novo rumor"},"content":{"rendered":"<p>A <a class=\"lib tg-lib\" href=\"https:\/\/www.oficinadanet.com.br\/samsung\" rel=\"nofollow noopener\" target=\"_blank\">Samsung<\/a> tem tudo para conquistar muitos f\u00e3s no in\u00edcio de 2026 com a chegada da s\u00e9rie <strong>Galaxy S26<\/strong>. J\u00e1 existem diversos <a class=\"lib tg-lib\" href=\"https:\/\/www.oficinadanet.com.br\/rumores\" rel=\"nofollow noopener\" target=\"_blank\">rumores<\/a> por a\u00ed sobre o que vem em 2026. A informa\u00e7\u00e3o que circula agora se diz respeito \u00e1 capacidade de bateria do <strong>Galaxy S26 Ultra<\/strong>, que j\u00e1 vem sendo especulada h\u00e1 tempos. O \u00faltimo relat\u00f3rio vai na contra m\u00e3o do vazamento anterior revelando que o aparelho ter\u00e1 uma capacidade de bateria maior.<\/p>\n<p>Galaxy S26 Ultra com mais bateria?<\/p>\n<p>De acordo com um novo relat\u00f3rio, o<strong> Galaxy S26 Ultra <\/strong>contar\u00e1 com uma bateria ligeiramente maior de <strong>5.200 mAh<\/strong>. Embora n\u00e3o seja nada chamativo como aparelhos da <a class=\"lib tg-lib\" href=\"https:\/\/www.oficinadanet.com.br\/motorola\" rel=\"nofollow noopener\" target=\"_blank\">Motorola<\/a> e <a class=\"lib tg-lib\" href=\"https:\/\/www.oficinadanet.com.br\/xiaomi\" rel=\"nofollow noopener\" target=\"_blank\">Xiaomi<\/a>, podemos dizer que \u00e9 um bom aumento, ainda mais por superar os mesmos <a class=\"lib tg-lib\" href=\"https:\/\/www.oficinadanet.com.br\/smartphones\/buscar?bateria=5000-mah\" rel=\"nofollow noopener\" target=\"_blank\">5.000 mAh<\/a> vistos nos aparelhos Ultra desde 2020.<\/p>\n<p>Mais do que aumentar a capacidade, essa altera\u00e7\u00e3o sugere um novo rumo por parte da <strong>Samsung<\/strong>. Afinal, a empresa vai ter que trabalhar duro para manter a espessura mais fina do aparelho com a bateria maior. Al\u00e9m disso, um<strong> sistema de resfriamento melhor<\/strong> tamb\u00e9m ser\u00e1 necess\u00e1rio, uma vez que o espa\u00e7o interno deve ser menor.<\/p>\n<p>            &#13;<br \/>\n                    &#13;<br \/>\n                        &#13;<br \/>\n                        &#13;<br \/>\n                        &#13;<br \/>\n                        &#13;<br \/>\n                        <img decoding=\"async\" loading=\"lazy\" width=\"330\" height=\"220\" src=\"https:\/\/www.europesays.com\/pt\/wp-content\/uploads\/2025\/11\/s26-samsung.jpg\"  alt=\"Renderiza\u00e7\u00e3o do Galaxy S26\" title=\"Renderiza\u00e7\u00e3o do Galaxy S26\"\/>&#13;<br \/>\n                    Renderiza\u00e7\u00e3o do Galaxy S26&#13;<\/p>\n<p>Tela n\u00e3o ter\u00e1 mais brilho<\/p>\n<p>A informa\u00e7\u00e3o tem base e vem diretamente do conhecido informante &#8220;Ice Universe&#8221;. De acordo com ele, o pico de brilho da nova fam\u00edlia <strong>S26 <\/strong>deve estacionar nos <strong>2.600 nits<\/strong>. A medida vale inclusive para o modelo mais robusto da linha, o S26 Ultra, repetindo exatamente a especifica\u00e7\u00e3o t\u00e9cnica entregue pela linha <a class=\"tg-link-manual\" href=\"https:\/\/www.oficinadanet.com.br\/smartphones\/samsung-galaxy-s25\" rel=\"nofollow noopener\" target=\"_blank\">Galaxy S25<\/a>.<\/p>\n<p>Embora seja compreens\u00edvel que a <strong>Samsung<\/strong> queira cortar gastos, se trata de uma movimenta\u00e7\u00e3o estranha frente \u00e0s chinesas, que tentam conquistar os usu\u00e1rios com propagandas de telas que passam dos <strong>4 mil nits<\/strong>. Em todo caso, a expectativa \u00e9 que a empresa utilize o material M14 em sua fabrica\u00e7\u00e3o, garantindo mais qualidade.<\/p>\n<p>Antes de mais nada, vale notar que tudo ainda n\u00e3o passa de especula\u00e7\u00e3o e as informa\u00e7\u00f5es podem mudar. Resta aguardar os pr\u00f3ximos cap\u00edtulos dessa hist\u00f3ria.<\/p>\n<p><a href=\"https:\/\/www.gsmarena.com\/samsung_galaxy_s26_ultra_battery_size-news-70414.php\" class=\"tg-link-manual\" rel=\"nofollow  noopener\" target=\"_blank\">Fonte<\/a><\/p>\n","protected":false},"excerpt":{"rendered":"A Samsung tem tudo para conquistar muitos f\u00e3s no in\u00edcio de 2026 com a chegada da s\u00e9rie Galaxy&hellip;\n","protected":false},"author":2,"featured_media":162636,"comment_status":"","ping_status":"","sticky":false,"template":"","format":"standard","meta":{"footnotes":""},"categories":[84],"tags":[109,107,108,2764,13,32,33,952,105,103,104,106,110],"class_list":{"0":"post-162635","1":"post","2":"type-post","3":"status-publish","4":"format-standard","5":"has-post-thumbnail","7":"category-ciencia-e-tecnologia","8":"tag-ciencia","9":"tag-ciencia-e-tecnologia","10":"tag-cienciaetecnologia","11":"tag-galaxy","12":"tag-noticias","13":"tag-portugal","14":"tag-pt","15":"tag-samsung","16":"tag-science","17":"tag-science-and-technology","18":"tag-scienceandtechnology","19":"tag-technology","20":"tag-tecnologia"},"share_on_mastodon":{"url":"https:\/\/pubeurope.com\/@pt\/115601265565141680","error":""},"_links":{"self":[{"href":"https:\/\/www.europesays.com\/pt\/wp-json\/wp\/v2\/posts\/162635","targetHints":{"allow":["GET"]}}],"collection":[{"href":"https:\/\/www.europesays.com\/pt\/wp-json\/wp\/v2\/posts"}],"about":[{"href":"https:\/\/www.europesays.com\/pt\/wp-json\/wp\/v2\/types\/post"}],"author":[{"embeddable":true,"href":"https:\/\/www.europesays.com\/pt\/wp-json\/wp\/v2\/users\/2"}],"replies":[{"embeddable":true,"href":"https:\/\/www.europesays.com\/pt\/wp-json\/wp\/v2\/comments?post=162635"}],"version-history":[{"count":0,"href":"https:\/\/www.europesays.com\/pt\/wp-json\/wp\/v2\/posts\/162635\/revisions"}],"wp:featuredmedia":[{"embeddable":true,"href":"https:\/\/www.europesays.com\/pt\/wp-json\/wp\/v2\/media\/162636"}],"wp:attachment":[{"href":"https:\/\/www.europesays.com\/pt\/wp-json\/wp\/v2\/media?parent=162635"}],"wp:term":[{"taxonomy":"category","embeddable":true,"href":"https:\/\/www.europesays.com\/pt\/wp-json\/wp\/v2\/categories?post=162635"},{"taxonomy":"post_tag","embeddable":true,"href":"https:\/\/www.europesays.com\/pt\/wp-json\/wp\/v2\/tags?post=162635"}],"curies":[{"name":"wp","href":"https:\/\/api.w.org\/{rel}","templated":true}]}}