{"id":162637,"date":"2025-11-23T22:02:08","date_gmt":"2025-11-23T22:02:08","guid":{"rendered":"https:\/\/www.europesays.com\/pt\/162637\/"},"modified":"2025-11-23T22:02:08","modified_gmt":"2025-11-23T22:02:08","slug":"bolsonaro-justifica-corte-de-pulseira-eletronica-com-alucinacao-e-paranoia","status":"publish","type":"post","link":"https:\/\/www.europesays.com\/pt\/162637\/","title":{"rendered":"Bolsonaro justifica corte de pulseira eletr\u00f3nica com &#8220;alucina\u00e7\u00e3o&#8221; e &#8220;paranoia&#8221;"},"content":{"rendered":"<p data-remotead-prev-elm=\"true\" data-remotead-elm-id=\"inread\">Ap\u00f3s passar uma noite na sede da Pol\u00edcia Federal, Bolsonaro foi ouvido por uma ju\u00edza auxiliar, atrav\u00e9s de videoconfer\u00eancia. O objetivo da dilig\u00eancia foi apenas o de constatar a aus\u00eancia de &#8220;abusos ou irregularidades&#8221;, durante a deten\u00e7\u00e3o e reclus\u00e3o. N\u00e3o foi detetada qualquer ilegalidade, pelo que a pris\u00e3o preventiva foi mantida.<\/p>\n<p>O ex-presidente, que foi condenado a 27 anos de pris\u00e3o e estava em pris\u00e3o domicili\u00e1ria desde 4 de agosto, foi preso preventivamente na manh\u00e3 de s\u00e1bado por &#8220;risco concreto de fuga&#8221; e &#8220;amea\u00e7a \u00e0 ordem p\u00fablica&#8221;, ap\u00f3s a sua pulseira eletr\u00f3nica ter dado um sinal de alerta de dano.<\/p>\n<p>Bolsonaro admitiu que tinha queimado a pulseira com um ferro de soldar, mas negou que o tivesse feito para fugir, como considerara o juiz de instru\u00e7\u00e3o, que determinou a usa pris\u00e3o preventiva. E garantiu que ningu\u00e9m o ajudou e que nunca chegou a tirar a pulseira do tornozelo.<\/p>\n<p>&#8220;Alucinado&#8221; e &#8220;certa paranoia&#8221;<\/p>\n<p data-remotead-prev-elm=\"true\" data-remotead-elm-id=\"centro1\">Perante a ju\u00edza auxiliar, explicou que entrou num estado de &#8220;certa paranoia&#8221; entre sexta-feira e s\u00e1bado. Estava &#8220;alucinado&#8221; e acreditava que dentro da pulseira havia um sistema de escuta. O ex-presidente justificou aquela condi\u00e7\u00e3o com a ingest\u00e3o de medicamentos prescritos por diferentes m\u00e9dicos, pregabalina (antiepil\u00e9tico) e sertralina (antidepressivo), que provocaram rea\u00e7\u00f5es adversas.<\/p>\n<p>Bolsonaro contou que come\u00e7ou a manipular o aparelho desde a tarde de sexta-feira at\u00e9 \u00e0 meia-noite de s\u00e1bado, quando o dispositivo lan\u00e7ou um alerta \u00e0s autoridades brasileiras, que compareceram imediatamente para verificar o que havia acontecido. Ao admitir que tinha queimado o aparelho, foi levado sob deten\u00e7\u00e3o e ficou em pris\u00e3o preventiva, a pedido da Pol\u00edcia Federal, que alegara necessidade de manter a ordem p\u00fablica.<\/p>\n<p>Aquela for\u00e7a policial temia que a vig\u00edlia organizada pelo filho de Bolsonaro para a frente do condom\u00ednio onde este cumpria a pris\u00e3o domicili\u00e1ria pudesse gerar um &#8220;tumulto&#8221; e &#8220;um ambiente prop\u00edcio \u00e0 sua fuga&#8221;. Os danos causados \u00e0 pulseira, no entender da Pol\u00edcia Federal, refor\u00e7avam esse temor.<\/p>\n<p>Senten\u00e7a prestes a transitar em julgado<\/p>\n<p data-remotead-prev-elm=\"true\" data-remotead-elm-id=\"centro2\">Recorde-se que a senten\u00e7a a que Jair Bolsonaro foi condenado por &#8220;liderar&#8221; uma conspira\u00e7\u00e3o golpista para &#8220;se perpetuar no poder&#8221;, ap\u00f3s perder as elei\u00e7\u00f5es de 2022 para Lula da Silva, dever\u00e1 transitar em julgado nos pr\u00f3ximos dias.<\/p>\n<p>Quando isso suceder, o Supremo Tribunal Federal (STF) ir\u00e1 ordenar a execu\u00e7\u00e3o da pena de 27 anos de pris\u00e3o a que foi condenado. A defesa j\u00e1 pediu para que a pena seja cumprida no regime de pris\u00e3o domicili\u00e1ria por raz\u00f5es de sa\u00fade. O STF ainda n\u00e3o se pronunciou.<\/p>\n","protected":false},"excerpt":{"rendered":"Ap\u00f3s passar uma noite na sede da Pol\u00edcia Federal, Bolsonaro foi ouvido por uma ju\u00edza auxiliar, atrav\u00e9s de&hellip;\n","protected":false},"author":2,"featured_media":162638,"comment_status":"","ping_status":"","sticky":false,"template":"","format":"standard","meta":{"footnotes":""},"categories":[50],"tags":[726,27,28,15,16,14,1125,25,26,21,22,62,12,13,19,20,23,24,17,18,29,30,31,63,64,65],"class_list":{"0":"post-162637","1":"post","2":"type-post","3":"status-publish","4":"format-standard","5":"has-post-thumbnail","7":"category-mundo","8":"tag-brasil","9":"tag-breaking-news","10":"tag-breakingnews","11":"tag-featured-news","12":"tag-featurednews","13":"tag-headlines","14":"tag-jair-bolsonaro","15":"tag-latest-news","16":"tag-latestnews","17":"tag-main-news","18":"tag-mainnews","19":"tag-mundo","20":"tag-news","21":"tag-noticias","22":"tag-noticias-principais","23":"tag-noticiasprincipais","24":"tag-principais-noticias","25":"tag-principaisnoticias","26":"tag-top-stories","27":"tag-topstories","28":"tag-ultimas","29":"tag-ultimas-noticias","30":"tag-ultimasnoticias","31":"tag-world","32":"tag-world-news","33":"tag-worldnews"},"share_on_mastodon":{"url":"https:\/\/pubeurope.com\/@pt\/115601273334600280","error":""},"_links":{"self":[{"href":"https:\/\/www.europesays.com\/pt\/wp-json\/wp\/v2\/posts\/162637","targetHints":{"allow":["GET"]}}],"collection":[{"href":"https:\/\/www.europesays.com\/pt\/wp-json\/wp\/v2\/posts"}],"about":[{"href":"https:\/\/www.europesays.com\/pt\/wp-json\/wp\/v2\/types\/post"}],"author":[{"embeddable":true,"href":"https:\/\/www.europesays.com\/pt\/wp-json\/wp\/v2\/users\/2"}],"replies":[{"embeddable":true,"href":"https:\/\/www.europesays.com\/pt\/wp-json\/wp\/v2\/comments?post=162637"}],"version-history":[{"count":0,"href":"https:\/\/www.europesays.com\/pt\/wp-json\/wp\/v2\/posts\/162637\/revisions"}],"wp:featuredmedia":[{"embeddable":true,"href":"https:\/\/www.europesays.com\/pt\/wp-json\/wp\/v2\/media\/162638"}],"wp:attachment":[{"href":"https:\/\/www.europesays.com\/pt\/wp-json\/wp\/v2\/media?parent=162637"}],"wp:term":[{"taxonomy":"category","embeddable":true,"href":"https:\/\/www.europesays.com\/pt\/wp-json\/wp\/v2\/categories?post=162637"},{"taxonomy":"post_tag","embeddable":true,"href":"https:\/\/www.europesays.com\/pt\/wp-json\/wp\/v2\/tags?post=162637"}],"curies":[{"name":"wp","href":"https:\/\/api.w.org\/{rel}","templated":true}]}}