{"id":162639,"date":"2025-11-23T22:03:09","date_gmt":"2025-11-23T22:03:09","guid":{"rendered":"https:\/\/www.europesays.com\/pt\/162639\/"},"modified":"2025-11-23T22:03:09","modified_gmt":"2025-11-23T22:03:09","slug":"textil-tavares-avanca-com-despedimentos-na-guarda-e-na-covilha-apos-fecho-de-lavadouro-de-las","status":"publish","type":"post","link":"https:\/\/www.europesays.com\/pt\/162639\/","title":{"rendered":"T\u00eaxtil Tavares avan\u00e7a com despedimentos na Guarda e na Covilh\u00e3 ap\u00f3s fecho de lavadouro de l\u00e3s"},"content":{"rendered":"<p data-remotead-prev-elm=\"true\" data-remotead-elm-id=\"inread\">O lavadouro de l\u00e3s, &#8220;\u00fanico no pa\u00eds&#8221;, da T\u00eaxtil Tavares, na Guarda, foi fechado h\u00e1 cerca de dois meses. &#8220;N\u00e3o sei se consigo salvar a empresa. No neg\u00f3cio que vinha do lavadouro, a quebra foi 50% da fatura\u00e7\u00e3o&#8221;, disse um dos administradores, Pedro Tavares, confirmando o despedimento coletivo de cerca de 30 dos 80 trabalhadores da empresa. &#8220;E temos mais 40 na Covilh\u00e3, que tamb\u00e9m vai fechar, porque dependia diretamente do lavadouro&#8221;, acrescentou.<\/p>\n","protected":false},"excerpt":{"rendered":"O lavadouro de l\u00e3s, &#8220;\u00fanico no pa\u00eds&#8221;, da T\u00eaxtil Tavares, na Guarda, foi fechado h\u00e1 cerca de dois&hellip;\n","protected":false},"author":2,"featured_media":162640,"comment_status":"","ping_status":"","sticky":false,"template":"","format":"standard","meta":{"footnotes":""},"categories":[10],"tags":[27,28,31383,4796,26209,15,16,14,22488,25,26,21,22,12,13,19,20,32,23,24,33,17,18,29,30,31],"class_list":{"0":"post-162639","1":"post","2":"type-post","3":"status-publish","4":"format-standard","5":"has-post-thumbnail","7":"category-portugal","8":"tag-breaking-news","9":"tag-breakingnews","10":"tag-concelho-guarda","11":"tag-desemprego","12":"tag-despedimento-coletivo","13":"tag-featured-news","14":"tag-featurednews","15":"tag-headlines","16":"tag-industria-textil","17":"tag-latest-news","18":"tag-latestnews","19":"tag-main-news","20":"tag-mainnews","21":"tag-news","22":"tag-noticias","23":"tag-noticias-principais","24":"tag-noticiasprincipais","25":"tag-portugal","26":"tag-principais-noticias","27":"tag-principaisnoticias","28":"tag-pt","29":"tag-top-stories","30":"tag-topstories","31":"tag-ultimas","32":"tag-ultimas-noticias","33":"tag-ultimasnoticias"},"share_on_mastodon":{"url":"https:\/\/pubeurope.com\/@pt\/115601277861717094","error":""},"_links":{"self":[{"href":"https:\/\/www.europesays.com\/pt\/wp-json\/wp\/v2\/posts\/162639","targetHints":{"allow":["GET"]}}],"collection":[{"href":"https:\/\/www.europesays.com\/pt\/wp-json\/wp\/v2\/posts"}],"about":[{"href":"https:\/\/www.europesays.com\/pt\/wp-json\/wp\/v2\/types\/post"}],"author":[{"embeddable":true,"href":"https:\/\/www.europesays.com\/pt\/wp-json\/wp\/v2\/users\/2"}],"replies":[{"embeddable":true,"href":"https:\/\/www.europesays.com\/pt\/wp-json\/wp\/v2\/comments?post=162639"}],"version-history":[{"count":0,"href":"https:\/\/www.europesays.com\/pt\/wp-json\/wp\/v2\/posts\/162639\/revisions"}],"wp:featuredmedia":[{"embeddable":true,"href":"https:\/\/www.europesays.com\/pt\/wp-json\/wp\/v2\/media\/162640"}],"wp:attachment":[{"href":"https:\/\/www.europesays.com\/pt\/wp-json\/wp\/v2\/media?parent=162639"}],"wp:term":[{"taxonomy":"category","embeddable":true,"href":"https:\/\/www.europesays.com\/pt\/wp-json\/wp\/v2\/categories?post=162639"},{"taxonomy":"post_tag","embeddable":true,"href":"https:\/\/www.europesays.com\/pt\/wp-json\/wp\/v2\/tags?post=162639"}],"curies":[{"name":"wp","href":"https:\/\/api.w.org\/{rel}","templated":true}]}}