{"id":162643,"date":"2025-11-23T22:05:10","date_gmt":"2025-11-23T22:05:10","guid":{"rendered":"https:\/\/www.europesays.com\/pt\/162643\/"},"modified":"2025-11-23T22:05:10","modified_gmt":"2025-11-23T22:05:10","slug":"filha-de-tom-cavalcante-fala-sobre-a-maternidade-e-elogia-o-marido-cristiano-deyvid-participa-de-tudo","status":"publish","type":"post","link":"https:\/\/www.europesays.com\/pt\/162643\/","title":{"rendered":"Filha de Tom Cavalcante fala sobre a maternidade e elogia o marido Cristiano Deyvid: &#8220;Participa de tudo&#8221;"},"content":{"rendered":"<p>Filha do humorista Tom Cavalcante, Maria Cavalcante tem vivido uma fase especial em sua vida desde o nascimento da filha Antonella, fruto da sua rela\u00e7\u00e3o com o cantor Cristiano Deyvid. A pequena, que \u00e9 a primeira filha do casal, veio ao mundo no \u00faltimo m\u00eas de agosto.<\/p>\n<p>\u201cEla est\u00e1 a coisa mais fofa. Dorme muito bem, gra\u00e7as a Deus (\u2026) O Cristiano participa de tudo desde o come\u00e7o. No parto, j\u00e1 cortou o cord\u00e3o umbilical dela\u201d, elogiou a mam\u00e3e de primeira viagem. \u201cMeu pai tamb\u00e9m tem acompanhado tudo junto com a minha m\u00e3e\u201d, completou.<\/p>\n<p>A chegada da beb\u00ea, inclusive, j\u00e1 inspirou o pai coruja a compor uma can\u00e7\u00e3o. \u201cAinda nem coloquei nome na m\u00fasica, mas quero lan\u00e7ar, sim\u201d, explicou o artista, que tamb\u00e9m n\u00e3o esconde que a experi\u00eancia com a paternidade tem sido marcante. \u201cNos primeiros meses teve aquela fase da c\u00f3lica, mas agora est\u00e1 melhorando. Tem sido uma experi\u00eancia maravilhosa cuidar dela\u201d, pontuou\u00a0<\/p>\n","protected":false},"excerpt":{"rendered":"Filha do humorista Tom Cavalcante, Maria Cavalcante tem vivido uma fase especial em sua vida desde o nascimento&hellip;\n","protected":false},"author":2,"featured_media":162644,"comment_status":"","ping_status":"","sticky":false,"template":"","format":"standard","meta":{"footnotes":""},"categories":[145],"tags":[211,210,114,115,32,33],"class_list":{"0":"post-162643","1":"post","2":"type-post","3":"status-publish","4":"format-standard","5":"has-post-thumbnail","7":"category-celebridades","8":"tag-celebridades","9":"tag-celebrities","10":"tag-entertainment","11":"tag-entretenimento","12":"tag-portugal","13":"tag-pt"},"share_on_mastodon":{"url":"","error":""},"_links":{"self":[{"href":"https:\/\/www.europesays.com\/pt\/wp-json\/wp\/v2\/posts\/162643","targetHints":{"allow":["GET"]}}],"collection":[{"href":"https:\/\/www.europesays.com\/pt\/wp-json\/wp\/v2\/posts"}],"about":[{"href":"https:\/\/www.europesays.com\/pt\/wp-json\/wp\/v2\/types\/post"}],"author":[{"embeddable":true,"href":"https:\/\/www.europesays.com\/pt\/wp-json\/wp\/v2\/users\/2"}],"replies":[{"embeddable":true,"href":"https:\/\/www.europesays.com\/pt\/wp-json\/wp\/v2\/comments?post=162643"}],"version-history":[{"count":0,"href":"https:\/\/www.europesays.com\/pt\/wp-json\/wp\/v2\/posts\/162643\/revisions"}],"wp:featuredmedia":[{"embeddable":true,"href":"https:\/\/www.europesays.com\/pt\/wp-json\/wp\/v2\/media\/162644"}],"wp:attachment":[{"href":"https:\/\/www.europesays.com\/pt\/wp-json\/wp\/v2\/media?parent=162643"}],"wp:term":[{"taxonomy":"category","embeddable":true,"href":"https:\/\/www.europesays.com\/pt\/wp-json\/wp\/v2\/categories?post=162643"},{"taxonomy":"post_tag","embeddable":true,"href":"https:\/\/www.europesays.com\/pt\/wp-json\/wp\/v2\/tags?post=162643"}],"curies":[{"name":"wp","href":"https:\/\/api.w.org\/{rel}","templated":true}]}}