{"id":162649,"date":"2025-11-23T22:11:12","date_gmt":"2025-11-23T22:11:12","guid":{"rendered":"https:\/\/www.europesays.com\/pt\/162649\/"},"modified":"2025-11-23T22:11:12","modified_gmt":"2025-11-23T22:11:12","slug":"sc-braga-resiste-a-reacao-do-nacional-e-segue-em-frente-na-taca","status":"publish","type":"post","link":"https:\/\/www.europesays.com\/pt\/162649\/","title":{"rendered":"SC Braga resiste \u00e0 rea\u00e7\u00e3o do Nacional e segue em frente na Ta\u00e7a"},"content":{"rendered":"<p>O SC Braga est\u00e1 nos oitavos de final da Ta\u00e7a de Portugal 2025\/26 depois de receber e vencer o Nacional por 4-2, num dos dois duelos entre primodivision\u00e1rios da ronda, num jogo em que entrou com tudo e resistiu, depois, \u00e0 rea\u00e7\u00e3o do advers\u00e1rio.<\/p>\n<p><a href=\"https:\/\/sportinforma.sapo.pt\/\" target=\"_blank\" rel=\"noreferrer noopener nofollow\">&#8211; Tudo sobre o desporto nacional e internacional em<b id=\"s-b-embed-692360460\" data-stringify-type=\"bold\">\u00a0<\/b><b>sportinforma.sapo.pt &#8211;<\/b><\/a><\/p>\n<p>O capit\u00e3o Ricardo Horta abriu o ativo aos 10 minutos, ap\u00f3s cruzamento de Victor Gomez na direita e simula\u00e7\u00e3o de Fran Navarro, a deixa passar o esf\u00e9rico para o seu capit\u00e3o, que tirou um advers\u00e1rio do caminho e atirou a contar.<\/p>\n<p>Cinco minutos depois, Ricardo Horta bisou e fez o 2-0, na transforma\u00e7\u00e3o de uma grande penalidade a castigar m\u00e3o na bola de Jos\u00e9 Gomes. E o 3-0 chegou ainda antes do intervalo, assinado por Lagerbielke, na sequ\u00eancia de um pontap\u00e9 de canto batido por Horta.<\/p>\n<p>S\u00f3 que o Nacional &#8211; que esta temporada j\u00e1 tinha vencido no terreno do SC Braga para o campeonato &#8211; respondeu no arranque do segundo tempo. Miguel Baeza reduziu aos 54 minutos, finalizando um lance r\u00e1pido do ataque dos madeirense conduzido por Nourani. E volvidos apenas cinco minutos, aos 59, J. Ram\u00edrez colocou o Nacional a apenas um golo de dist\u00e2ncia, relan\u00e7ando a eliminat\u00f3ria.<\/p>\n<p>As oportunidades de golo foram-se sucedendo, depois, de um lado e do outro, com o Nacional a ficar muito perto do empate antes de V\u00edctor G\u00f3mez tranquilizar a equipa da casa ao cabecear certeiro, na sequ\u00eancia de mais um canto, desta feita cobrado por Leonardo Lelo, aos 87 minutos.<\/p>\n","protected":false},"excerpt":{"rendered":"O SC Braga est\u00e1 nos oitavos de final da Ta\u00e7a de Portugal 2025\/26 depois de receber e vencer&hellip;\n","protected":false},"author":2,"featured_media":162650,"comment_status":"","ping_status":"","sticky":false,"template":"","format":"standard","meta":{"footnotes":""},"categories":[87],"tags":[135,32,33,134],"class_list":{"0":"post-162649","1":"post","2":"type-post","3":"status-publish","4":"format-standard","5":"has-post-thumbnail","7":"category-desporto","8":"tag-desporto","9":"tag-portugal","10":"tag-pt","11":"tag-sports"},"share_on_mastodon":{"url":"https:\/\/pubeurope.com\/@pt\/115601308773270726","error":""},"_links":{"self":[{"href":"https:\/\/www.europesays.com\/pt\/wp-json\/wp\/v2\/posts\/162649","targetHints":{"allow":["GET"]}}],"collection":[{"href":"https:\/\/www.europesays.com\/pt\/wp-json\/wp\/v2\/posts"}],"about":[{"href":"https:\/\/www.europesays.com\/pt\/wp-json\/wp\/v2\/types\/post"}],"author":[{"embeddable":true,"href":"https:\/\/www.europesays.com\/pt\/wp-json\/wp\/v2\/users\/2"}],"replies":[{"embeddable":true,"href":"https:\/\/www.europesays.com\/pt\/wp-json\/wp\/v2\/comments?post=162649"}],"version-history":[{"count":0,"href":"https:\/\/www.europesays.com\/pt\/wp-json\/wp\/v2\/posts\/162649\/revisions"}],"wp:featuredmedia":[{"embeddable":true,"href":"https:\/\/www.europesays.com\/pt\/wp-json\/wp\/v2\/media\/162650"}],"wp:attachment":[{"href":"https:\/\/www.europesays.com\/pt\/wp-json\/wp\/v2\/media?parent=162649"}],"wp:term":[{"taxonomy":"category","embeddable":true,"href":"https:\/\/www.europesays.com\/pt\/wp-json\/wp\/v2\/categories?post=162649"},{"taxonomy":"post_tag","embeddable":true,"href":"https:\/\/www.europesays.com\/pt\/wp-json\/wp\/v2\/tags?post=162649"}],"curies":[{"name":"wp","href":"https:\/\/api.w.org\/{rel}","templated":true}]}}