{"id":162651,"date":"2025-11-23T22:12:20","date_gmt":"2025-11-23T22:12:20","guid":{"rendered":"https:\/\/www.europesays.com\/pt\/162651\/"},"modified":"2025-11-23T22:12:20","modified_gmt":"2025-11-23T22:12:20","slug":"estudo-investiga-o-potencial-de-microdoses-de-cannabis-no-tratamento-de-alzheimer-em-idosos","status":"publish","type":"post","link":"https:\/\/www.europesays.com\/pt\/162651\/","title":{"rendered":"Estudo investiga o potencial de microdoses de cannabis no tratamento de Alzheimer em idosos"},"content":{"rendered":"\n<p class=\"content-text__container\" data-mrf-recirculation=\"Article links\" data-track-category=\"Link no Texto\" data-track-links=\"\">A principal medida de desfecho foi a ADAS-Cog, uma escala amplamente usada para avaliar a fun\u00e7\u00e3o cognitiva em pacientes com dem\u00eancia. Ap\u00f3s 24 semanas de tratamento, o grupo que recebeu o extrato com THC apresentou uma estabiliza\u00e7\u00e3o dos escores, enquanto o grupo placebo teve piora. Foi uma diferen\u00e7a restrita a apenas uma das subescalas avaliadas, e observada apenas no acompanhamento de longo prazo, mas mesmo assim, \u00e9 estatisticamente significativa.<\/p>\n","protected":false},"excerpt":{"rendered":"A principal medida de desfecho foi a ADAS-Cog, uma escala amplamente usada para avaliar a fun\u00e7\u00e3o cognitiva em&hellip;\n","protected":false},"author":2,"featured_media":162652,"comment_status":"","ping_status":"","sticky":false,"template":"","format":"standard","meta":{"footnotes":""},"categories":[86],"tags":[34500,22205,17131,2041,10659,24488,1490,1347,116,5473,34503,34502,11229,7895,32,1461,33,117,34501,16946],"class_list":{"0":"post-162651","1":"post","2":"type-post","3":"status-publish","4":"format-standard","5":"has-post-thumbnail","7":"category-saude","8":"tag-canabinoides","9":"tag-cannabis","10":"tag-cognitivo","11":"tag-demencia","12":"tag-doenca-de-alzheimer","13":"tag-ensaios-clinicos","14":"tag-envelhecimento","15":"tag-estudo","16":"tag-health","17":"tag-inflamacao","18":"tag-microdoses","19":"tag-neuroplasticidade","20":"tag-pacientes","21":"tag-populacao","22":"tag-portugal","23":"tag-prevencao","24":"tag-pt","25":"tag-saude","26":"tag-sistema-endocanabinoide","27":"tag-tratamentos"},"share_on_mastodon":{"url":"https:\/\/pubeurope.com\/@pt\/115601312530985599","error":""},"_links":{"self":[{"href":"https:\/\/www.europesays.com\/pt\/wp-json\/wp\/v2\/posts\/162651","targetHints":{"allow":["GET"]}}],"collection":[{"href":"https:\/\/www.europesays.com\/pt\/wp-json\/wp\/v2\/posts"}],"about":[{"href":"https:\/\/www.europesays.com\/pt\/wp-json\/wp\/v2\/types\/post"}],"author":[{"embeddable":true,"href":"https:\/\/www.europesays.com\/pt\/wp-json\/wp\/v2\/users\/2"}],"replies":[{"embeddable":true,"href":"https:\/\/www.europesays.com\/pt\/wp-json\/wp\/v2\/comments?post=162651"}],"version-history":[{"count":0,"href":"https:\/\/www.europesays.com\/pt\/wp-json\/wp\/v2\/posts\/162651\/revisions"}],"wp:featuredmedia":[{"embeddable":true,"href":"https:\/\/www.europesays.com\/pt\/wp-json\/wp\/v2\/media\/162652"}],"wp:attachment":[{"href":"https:\/\/www.europesays.com\/pt\/wp-json\/wp\/v2\/media?parent=162651"}],"wp:term":[{"taxonomy":"category","embeddable":true,"href":"https:\/\/www.europesays.com\/pt\/wp-json\/wp\/v2\/categories?post=162651"},{"taxonomy":"post_tag","embeddable":true,"href":"https:\/\/www.europesays.com\/pt\/wp-json\/wp\/v2\/tags?post=162651"}],"curies":[{"name":"wp","href":"https:\/\/api.w.org\/{rel}","templated":true}]}}