{"id":162655,"date":"2025-11-23T22:16:12","date_gmt":"2025-11-23T22:16:12","guid":{"rendered":"https:\/\/www.europesays.com\/pt\/162655\/"},"modified":"2025-11-23T22:16:12","modified_gmt":"2025-11-23T22:16:12","slug":"in-unitate-fidei-a-carta-apostolica-de-leao-xiv-sobre-o-concilio-de-niceia","status":"publish","type":"post","link":"https:\/\/www.europesays.com\/pt\/162655\/","title":{"rendered":"In unitate fidei: a Carta Apost\u00f3lica de Le\u00e3o XIV sobre o Conc\u00edlio de Niceia"},"content":{"rendered":"<p>O novo Documento do Papa, divulgado na Solenidade de Cristo Rei, destaca a centralidade do Credo, o valor da unidade crist\u00e3 e prepara espiritualmente a Viagem Apost\u00f3lica do Pont\u00edfice \u00e0 Turquia.<\/p>\n<p><b>Thulio Fonseca &#8211; Vatican News<\/b><\/p>\n<p>O Papa Le\u00e3o XIV publicou, neste domingo, 23 de novembro, Solenidade de Jesus Cristo Rei do Universo, a Carta Apost\u00f3lica &#8220;In unitate fidei&#8221;, por ocasi\u00e3o dos 1700 anos do Conc\u00edlio de Niceia. O texto, apresentado \u00e0s v\u00e9speras da Viagem Apost\u00f3lica do Pont\u00edfice \u00e0 Turquia, traz como um forte apelo \u00e0 renova\u00e7\u00e3o da f\u00e9 e \u00e0 unidade dos crist\u00e3os.<\/p>\n<p>Dividido em doze pontos, o documento tem por objetivo, segundo o pr\u00f3prio Papa, \u201cencorajar toda a Igreja a renovar seu entusiasmo pela profiss\u00e3o de f\u00e9\u201d. A Carta coloca em destaque a heran\u00e7a espiritual e doutrinal deixada pelo Conc\u00edlio de 325, evento decisivo na formula\u00e7\u00e3o do Credo professado por todas as tradi\u00e7\u00f5es crist\u00e3s.<\/p>\n<p><a href=\"https:\/\/www.vatican.va\/content\/leo-xiv\/pt\/apost_letters\/documents\/20251123-in-unitate-fidei.html\" target=\"_blank\" rel=\"external nofollow noopener\">LEIA A CARTA APOST\u00d3LICA DO PAPA NA \u00cdNTEGRA<\/a><\/p>\n<p>\u201cNa unidade da f\u00e9\u201d: um chamado para todos <\/p>\n<p>Logo no in\u00edcio, o Papa recorda que \u201cna unidade da f\u00e9, proclamada desde os prim\u00f3rdios da Igreja, os crist\u00e3os s\u00e3o chamados a caminhar em conc\u00f3rdia, guardando e transmitindo com amor e alegria o dom recebido\u201d. Em seguida, Le\u00e3o XIV retoma as palavras do Credo formulado em\u00a0Niceia \u2014 \u201cCremos em Jesus Cristo, Filho unig\u00eanito de Deus, que desceu do c\u00e9u para a nossa salva\u00e7\u00e3o\u201d \u2014 como fundamento permanente da identidade crist\u00e3.<\/p>\n<p>Ao situar a Carta no contexto do Ano Santo de 2025, dedicado a Jesus Cristo, nossa esperan\u00e7a, o Papa afirma ser uma \u201ccoincid\u00eancia providencial\u201d que a Igreja comemore tamb\u00e9m o anivers\u00e1rio do primeiro Conc\u00edlio Ecum\u00eanico. O n\u00facleo da f\u00e9 crist\u00e3 \u2014 a divindade do Filho \u2014 permanece, segundo ele, atual e necess\u00e1rio para os tempos marcados por guerras, incertezas e sofrimento humano. E ao lembrar que, em cada domingo, a Igreja proclama o Credo Niceno-Constantinopolitano, \u201cprofiss\u00e3o de f\u00e9 que une todos os crist\u00e3os\u201d, o Pont\u00edfice sublinha que, diante das prova\u00e7\u00f5es do mundo, \u201ca f\u00e9 nos d\u00e1 esperan\u00e7a\u201d.<\/p>\n<p>     <a href=\"https:\/\/www.vaticannews.va\/pt\/papa\/news\/2025-10\/papa-leao-xiv-viagem-turquia-libano-27-novembro-2-dezembro.html\" title=\"Le\u00e3o XIV, primeira viagem \u00e0 Turquia e ao L\u00edbano, de 27 de novembro a 2 de dezembro\" rel=\"nofollow noopener\" target=\"_blank\"><\/p>\n<p>        <img decoding=\"async\" src=\"data:image\/gif;base64,R0lGODlhAQABAIAAAAAAAP\/\/\/yH5BAEAAAAALAAAAAABAAEAAAIBRAA7\" data-original=\"https:\/\/www.vaticannews.va\/content\/dam\/vaticannews\/agenzie\/images\/ansa\/2025\/10\/01\/15\/1759324917304.jpg\/_jcr_content\/renditions\/cq5dam.thumbnail.cropped.500.281.jpeg\" alt=\"Le\u00e3o XIV, primeira viagem \u00e0 Turquia e ao L\u00edbano, de 27 de novembro a 2 de dezembro\"\/><\/p>\n<p>      <\/a><\/p>\n<p>\n      Foi anunciada a primeira viagem apost\u00f3lica do Papa Le\u00e3o XIV, na qual est\u00e1 prevista uma &#8220;peregrina\u00e7\u00e3o&#8221; a Iznik, antiga cidade de Niceia, por ocasi\u00e3o dos 1700 anos do Conc\u00edlio &#8230;\n     <\/p>\n<p>\u201cO que nos une \u00e9 muito mais do que o que nos divide\u201d <\/p>\n<p>A Carta dedica ampla aten\u00e7\u00e3o ao di\u00e1logo entre os crist\u00e3os. O Pont\u00edfice reafirma que o caminho ecum\u00eanico, sustentado pelo batismo comum e pelo Credo de Niceia, permitiu reconhecer nas demais tradi\u00e7\u00f5es nossos irm\u00e3os e irm\u00e3s em Jesus Cristo. \u201cRealmente, o que nos une \u00e9 muito mais do que o que nos divide\u201d, observa o Papa, \u201cnum mundo ferido por conflitos\u201d, a comunidade crist\u00e3 pode tornar-se \u201csinal de paz e instrumento de reconcilia\u00e7\u00e3o,contribuindo de forma decisiva para um compromisso mundial pela paz\u201d.<\/p>\n<blockquote>\n<p>\u201cPara podermos desempenhar este minist\u00e9rio de forma cr\u00edvel, devemos caminhar juntos para alcan\u00e7ar a unidade e a reconcilia\u00e7\u00e3o entre todos os crist\u00e3os. (&#8230;) Devemos, portanto, deixar para tr\u00e1s as controv\u00e9rsias teol\u00f3gicas, que perderam a sua raz\u00e3o de ser, para adquirir um pensamento comum e, mais ainda, uma ora\u00e7\u00e3o comum ao Esp\u00edrito Santo, para que nos re\u00fana a todos numa \u00fanica f\u00e9 e num \u00fanico amor.\u201d<\/p>\n<\/blockquote>\n<p>Caminho de reconcilia\u00e7\u00e3o, escuta e acolhimento <\/p>\n<p>Le\u00e3o XIV insiste que o ecumenismo n\u00e3o busca um \u201cretorno\u201d a situa\u00e7\u00f5es pr\u00e9vias \u00e0s divis\u00f5es, nem a mera aceita\u00e7\u00e3o do status atual das Igrejas. Trata-se, ao contr\u00e1rio, de um caminho de reconcilia\u00e7\u00e3o, escuta, acolhimento e interc\u00e2mbio de dons espirituais. A restaura\u00e7\u00e3o da unidade, afirma, \u201cn\u00e3o nos torna mais pobres; ao contr\u00e1rio, nos enriquece\u201d.<\/p>\n<p>\u201cTal como na Niceia, este objetivo s\u00f3 ser\u00e1 poss\u00edvel atrav\u00e9s de um caminho paciente, longo e, por vezes, dif\u00edcil de escuta e acolhimento rec\u00edproco. Trata-se de um desafio teol\u00f3gico e, mais ainda, de um desafio espiritual, que exige arrependimento e convers\u00e3o da parte de todos. Por isso, precisamos de um ecumenismo espiritual de ora\u00e7\u00e3o, louvor e culto, como aconteceu no Credo de\u00a0Niceia e Constantinopla.\u201d<\/p>\n<p>Ora\u00e7\u00e3o ao Esp\u00edrito Santo\u00a0 <\/p>\n<p>A Carta conclui com uma ora\u00e7\u00e3o do Papa Le\u00e3o ao Esp\u00edrito Santo, para que Ele possa acompanhar e guiar o caminho da unidade crist\u00e3, e reunir a Igreja no \u00fanico rebanho de Cristo:\u00a0<\/p>\n<blockquote>\n<p>\u201cSanto Esp\u00edrito de Deus, V\u00f3s guiais os fi\u00e9is no caminho da hist\u00f3ria (\u2026) e, de \u00e9poca em \u00e9poca rejuvenesceis a f\u00e9 da Igreja. Ajudai-nos a aprofund\u00e1-la e a voltar sempre ao essencial para a anunciar. (&#8230;) Vinde, divino Consolador, V\u00f3s que sois a harmonia, para unir os cora\u00e7\u00f5es e as mentes dos crentes. Vinde e dai-nos o prazer da beleza da comunh\u00e3o.Vinde, Amor do Pai e do Filho, para nos reunir no \u00fanico rebanho de Cristo. Mostrai-nos os caminhos a seguir, para que, com a vossa sabedoria, voltemos a ser o que somos em Cristo: uma s\u00f3 coisa, para que o mundo acredite. Am\u00e9m.\u201d<\/p>\n<\/blockquote>\n","protected":false},"excerpt":{"rendered":"O novo Documento do Papa, divulgado na Solenidade de Cristo Rei, destaca a centralidade do Credo, o valor&hellip;\n","protected":false},"author":2,"featured_media":162656,"comment_status":"","ping_status":"","sticky":false,"template":"","format":"standard","meta":{"footnotes":""},"categories":[50],"tags":[27,28,24473,12635,5732,15,16,14,10352,25,26,21,22,62,12,13,19,20,811,23,24,17,18,2428,29,30,31,63,64,65],"class_list":{"0":"post-162655","1":"post","2":"type-post","3":"status-publish","4":"format-standard","5":"has-post-thumbnail","7":"category-mundo","8":"tag-breaking-news","9":"tag-breakingnews","10":"tag-carta-apostolica","11":"tag-ecumenismo","12":"tag-fe","13":"tag-featured-news","14":"tag-featurednews","15":"tag-headlines","16":"tag-igreja","17":"tag-latest-news","18":"tag-latestnews","19":"tag-main-news","20":"tag-mainnews","21":"tag-mundo","22":"tag-news","23":"tag-noticias","24":"tag-noticias-principais","25":"tag-noticiasprincipais","26":"tag-papa-leao-xiv","27":"tag-principais-noticias","28":"tag-principaisnoticias","29":"tag-top-stories","30":"tag-topstories","31":"tag-turquia","32":"tag-ultimas","33":"tag-ultimas-noticias","34":"tag-ultimasnoticias","35":"tag-world","36":"tag-world-news","37":"tag-worldnews"},"share_on_mastodon":{"url":"https:\/\/pubeurope.com\/@pt\/115601328337493068","error":""},"_links":{"self":[{"href":"https:\/\/www.europesays.com\/pt\/wp-json\/wp\/v2\/posts\/162655","targetHints":{"allow":["GET"]}}],"collection":[{"href":"https:\/\/www.europesays.com\/pt\/wp-json\/wp\/v2\/posts"}],"about":[{"href":"https:\/\/www.europesays.com\/pt\/wp-json\/wp\/v2\/types\/post"}],"author":[{"embeddable":true,"href":"https:\/\/www.europesays.com\/pt\/wp-json\/wp\/v2\/users\/2"}],"replies":[{"embeddable":true,"href":"https:\/\/www.europesays.com\/pt\/wp-json\/wp\/v2\/comments?post=162655"}],"version-history":[{"count":0,"href":"https:\/\/www.europesays.com\/pt\/wp-json\/wp\/v2\/posts\/162655\/revisions"}],"wp:featuredmedia":[{"embeddable":true,"href":"https:\/\/www.europesays.com\/pt\/wp-json\/wp\/v2\/media\/162656"}],"wp:attachment":[{"href":"https:\/\/www.europesays.com\/pt\/wp-json\/wp\/v2\/media?parent=162655"}],"wp:term":[{"taxonomy":"category","embeddable":true,"href":"https:\/\/www.europesays.com\/pt\/wp-json\/wp\/v2\/categories?post=162655"},{"taxonomy":"post_tag","embeddable":true,"href":"https:\/\/www.europesays.com\/pt\/wp-json\/wp\/v2\/tags?post=162655"}],"curies":[{"name":"wp","href":"https:\/\/api.w.org\/{rel}","templated":true}]}}