{"id":162657,"date":"2025-11-23T22:17:13","date_gmt":"2025-11-23T22:17:13","guid":{"rendered":"https:\/\/www.europesays.com\/pt\/162657\/"},"modified":"2025-11-23T22:17:13","modified_gmt":"2025-11-23T22:17:13","slug":"eleicoes-na-guine-bissau-dw-23-11-2025","status":"publish","type":"post","link":"https:\/\/www.europesays.com\/pt\/162657\/","title":{"rendered":"Elei\u00e7\u00f5es na Guin\u00e9-Bissau + \u2013 DW \u2013 23\/11\/2025"},"content":{"rendered":"<p>As elei\u00e7\u00f5es presidenciais e legislativas da Guin\u00e9-Bissau em Portugal est\u00e3o a ser marcadas por uma aparente forte aflu\u00eancia \u00e0s urnas, embora, paradoxalmente, muitos s\u00e3o os eleitores que n\u00e3o conseguem votar devido \u00e0 altera\u00e7\u00e3o de \u00faltima hora das listas eleitorais.<\/p>\n<p>Em Portugal, os 13.764 eleitores recenseados (metade dos existentes na Europa &#8212; 26.420) est\u00e3o divididos por 41 urnas de voto em todo o pa\u00eds, sendo que, na regi\u00e3o da Grande Lisboa, onde est\u00e1 registada a maioria dos eleitores, se pode observar a maior confus\u00e3o, com os votantes que querem votar nos locais onde j\u00e1 o fizeram no passado a serem informados que, afinal, a mesa de voto est\u00e1 noutro local.<\/p>\n<p>Diante da embaixada guineense em Lisboa, onde ningu\u00e9m do pessoal diplom\u00e1tico nem da pr\u00f3pria Comiss\u00e3o Nacional de Elei\u00e7\u00f5es se mostrou dispon\u00edvel para falar \u00e0 Lusa, apesar da forte aflu\u00eancia que se registou desde as primeiras horas da vota\u00e7\u00e3o, dezenas de eleitores foram impedidos de votar, sendo remetidos para outras sec\u00e7\u00f5es espalhadas pela Grande Lisboa.<\/p>\n<p>Ricardo Andr\u00e9 L\u00edder, mandat\u00e1rio para a Europa da candidatura de Fernando Dias, confirmou as informa\u00e7\u00f5es, acrescentando ter sido informado, s\u00f3 sexta-feira, da altera\u00e7\u00e3o dos locais de voto e da transfer\u00eancia dos eleitores para outras mesas.<\/p>\n<p><img data-format=\"MASTER_LANDSCAPE\" data-id=\"74853930\" data-url=\"https:\/\/static.dw.com\/image\/74853930_${formatId}.jpg\" data-aspect-ratio=\"16\/9\" alt=\"Fernando Dias, candidato presidencial\" style=\"padding-bottom: 56.25%; height: 0; max-height: 0;\"\/>Mandat\u00e1rio para a Europa da candidatura de Fernando Dias diz acreditar na mudan\u00e7a de regime na Guin\u00e9-BissauFoto: Samba Balde\/AFP\/Getty Images<\/p>\n<p>Andr\u00e9 L\u00edder disse acreditar que a &#8220;vota\u00e7\u00e3o maci\u00e7a&#8221; dos eleitores guineenses vai permitir, apesar dos contratempos, levar a uma mudan\u00e7a no regime liderado pelo Presidente Umero Sissoco Embal\u00f3, &#8220;sinal claro&#8221; que anseiam pela &#8220;paz, liberdade de pensamento e de circula\u00e7\u00e3o&#8221; e que a Guin\u00e9-Bissau &#8220;precisa de paz&#8221;.<\/p>\n","protected":false},"excerpt":{"rendered":"As elei\u00e7\u00f5es presidenciais e legislativas da Guin\u00e9-Bissau em Portugal est\u00e3o a ser marcadas por uma aparente forte aflu\u00eancia&hellip;\n","protected":false},"author":2,"featured_media":162658,"comment_status":"","ping_status":"","sticky":false,"template":"","format":"standard","meta":{"footnotes":""},"categories":[10],"tags":[27,28,15,16,14,25,26,21,22,12,13,19,20,32,23,24,33,17,18,29,30,31],"class_list":{"0":"post-162657","1":"post","2":"type-post","3":"status-publish","4":"format-standard","5":"has-post-thumbnail","7":"category-portugal","8":"tag-breaking-news","9":"tag-breakingnews","10":"tag-featured-news","11":"tag-featurednews","12":"tag-headlines","13":"tag-latest-news","14":"tag-latestnews","15":"tag-main-news","16":"tag-mainnews","17":"tag-news","18":"tag-noticias","19":"tag-noticias-principais","20":"tag-noticiasprincipais","21":"tag-portugal","22":"tag-principais-noticias","23":"tag-principaisnoticias","24":"tag-pt","25":"tag-top-stories","26":"tag-topstories","27":"tag-ultimas","28":"tag-ultimas-noticias","29":"tag-ultimasnoticias"},"share_on_mastodon":{"url":"https:\/\/pubeurope.com\/@pt\/115601332340331921","error":""},"_links":{"self":[{"href":"https:\/\/www.europesays.com\/pt\/wp-json\/wp\/v2\/posts\/162657","targetHints":{"allow":["GET"]}}],"collection":[{"href":"https:\/\/www.europesays.com\/pt\/wp-json\/wp\/v2\/posts"}],"about":[{"href":"https:\/\/www.europesays.com\/pt\/wp-json\/wp\/v2\/types\/post"}],"author":[{"embeddable":true,"href":"https:\/\/www.europesays.com\/pt\/wp-json\/wp\/v2\/users\/2"}],"replies":[{"embeddable":true,"href":"https:\/\/www.europesays.com\/pt\/wp-json\/wp\/v2\/comments?post=162657"}],"version-history":[{"count":0,"href":"https:\/\/www.europesays.com\/pt\/wp-json\/wp\/v2\/posts\/162657\/revisions"}],"wp:featuredmedia":[{"embeddable":true,"href":"https:\/\/www.europesays.com\/pt\/wp-json\/wp\/v2\/media\/162658"}],"wp:attachment":[{"href":"https:\/\/www.europesays.com\/pt\/wp-json\/wp\/v2\/media?parent=162657"}],"wp:term":[{"taxonomy":"category","embeddable":true,"href":"https:\/\/www.europesays.com\/pt\/wp-json\/wp\/v2\/categories?post=162657"},{"taxonomy":"post_tag","embeddable":true,"href":"https:\/\/www.europesays.com\/pt\/wp-json\/wp\/v2\/tags?post=162657"}],"curies":[{"name":"wp","href":"https:\/\/api.w.org\/{rel}","templated":true}]}}