{"id":162659,"date":"2025-11-23T22:18:13","date_gmt":"2025-11-23T22:18:13","guid":{"rendered":"https:\/\/www.europesays.com\/pt\/162659\/"},"modified":"2025-11-23T22:18:13","modified_gmt":"2025-11-23T22:18:13","slug":"sporting-vence-na-rececao-ao-maritimo-e-recupera-lideranca-do-campeonato","status":"publish","type":"post","link":"https:\/\/www.europesays.com\/pt\/162659\/","title":{"rendered":"Sporting vence na rece\u00e7\u00e3o ao Mar\u00edtimo e recupera lideran\u00e7a do campeonato"},"content":{"rendered":"<p>O Sporting venceu esta tarde o Mar\u00edtimo por 41-31 no Pavilh\u00e3o Jo\u00e3o Rocha e recuperou a lideran\u00e7a do campeonato, assumida temporariamente pelo Benfica na v\u00e9spera, ap\u00f3s triunfo no Restelo diante do Belenenses. <\/p>\n<p>Os le\u00f5es acabam a 12.\u00aa jornada no topo da tabela, com os mesmos\u00a0pontos das \u00e1guias (33), mas tendo um jogo a menos.<\/p>\n<p>Apesar do triunfo dos le\u00f5es, D\u00e9lcio Pina foi o melhor marcador da partida deste domingo, ao somar nove golos pelos madeirenses. J\u00e1 Salvador Salvador foi o melhor do Sporting, contribuindo com oito no marcador.\u00a0<\/p>\n<p>Os le\u00f5es v\u00e3o agora preparar a rece\u00e7\u00e3o, quinta-feira, ao Kolstad, em mais uma jornada da Liga dos Campe\u00f5es.<\/p>\n<p>Veja <a href=\"https:\/\/si.fpa.pt\/fap_sa\/usrpck_print.print_boletim?p_sessao=1&amp;P_ID_PROVA_JOGO=301219&amp;p_layout=P300632\" target=\"_self\" rel=\"tag nofollow noopener\">aqui<\/a> a ficha de jogo e<a href=\"https:\/\/portal.fpa.pt\/prova\/9546\/\" target=\"_self\" rel=\"tag nofollow noopener\"> aqui<\/a> a classfica\u00e7\u00e3o.<\/p>\n<p>Por Camila Soeiro<\/p>\n","protected":false},"excerpt":{"rendered":"O Sporting venceu esta tarde o Mar\u00edtimo por 41-31 no Pavilh\u00e3o Jo\u00e3o Rocha e recuperou a lideran\u00e7a do&hellip;\n","protected":false},"author":2,"featured_media":162660,"comment_status":"","ping_status":"","sticky":false,"template":"","format":"standard","meta":{"footnotes":""},"categories":[8],"tags":[27,28,15,16,14,25,26,21,22,12,13,19,20,32,23,24,33,17,18,29,30,31],"class_list":{"0":"post-162659","1":"post","2":"type-post","3":"status-publish","4":"format-standard","5":"has-post-thumbnail","7":"category-principais-noticias","8":"tag-breaking-news","9":"tag-breakingnews","10":"tag-featured-news","11":"tag-featurednews","12":"tag-headlines","13":"tag-latest-news","14":"tag-latestnews","15":"tag-main-news","16":"tag-mainnews","17":"tag-news","18":"tag-noticias","19":"tag-noticias-principais","20":"tag-noticiasprincipais","21":"tag-portugal","22":"tag-principais-noticias","23":"tag-principaisnoticias","24":"tag-pt","25":"tag-top-stories","26":"tag-topstories","27":"tag-ultimas","28":"tag-ultimas-noticias","29":"tag-ultimasnoticias"},"share_on_mastodon":{"url":"https:\/\/pubeurope.com\/@pt\/115601336625274028","error":""},"_links":{"self":[{"href":"https:\/\/www.europesays.com\/pt\/wp-json\/wp\/v2\/posts\/162659","targetHints":{"allow":["GET"]}}],"collection":[{"href":"https:\/\/www.europesays.com\/pt\/wp-json\/wp\/v2\/posts"}],"about":[{"href":"https:\/\/www.europesays.com\/pt\/wp-json\/wp\/v2\/types\/post"}],"author":[{"embeddable":true,"href":"https:\/\/www.europesays.com\/pt\/wp-json\/wp\/v2\/users\/2"}],"replies":[{"embeddable":true,"href":"https:\/\/www.europesays.com\/pt\/wp-json\/wp\/v2\/comments?post=162659"}],"version-history":[{"count":0,"href":"https:\/\/www.europesays.com\/pt\/wp-json\/wp\/v2\/posts\/162659\/revisions"}],"wp:featuredmedia":[{"embeddable":true,"href":"https:\/\/www.europesays.com\/pt\/wp-json\/wp\/v2\/media\/162660"}],"wp:attachment":[{"href":"https:\/\/www.europesays.com\/pt\/wp-json\/wp\/v2\/media?parent=162659"}],"wp:term":[{"taxonomy":"category","embeddable":true,"href":"https:\/\/www.europesays.com\/pt\/wp-json\/wp\/v2\/categories?post=162659"},{"taxonomy":"post_tag","embeddable":true,"href":"https:\/\/www.europesays.com\/pt\/wp-json\/wp\/v2\/tags?post=162659"}],"curies":[{"name":"wp","href":"https:\/\/api.w.org\/{rel}","templated":true}]}}