{"id":162661,"date":"2025-11-23T22:19:14","date_gmt":"2025-11-23T22:19:14","guid":{"rendered":"https:\/\/www.europesays.com\/pt\/162661\/"},"modified":"2025-11-23T22:19:14","modified_gmt":"2025-11-23T22:19:14","slug":"fanny-rodrigues-em-14-anos-de-tv-nunca-teve-agente-e-afirma-que-ninguem-quer-trabalhar-com-ela-nem-uma-amiga","status":"publish","type":"post","link":"https:\/\/www.europesays.com\/pt\/162661\/","title":{"rendered":"Fanny Rodrigues &#8211; Em 14 anos de TV, nunca teve agente e afirma que ningu\u00e9m quer trabalhar com ela: &#8220;Nem uma amiga&#8230;&#8221;"},"content":{"rendered":"<p>Em <a href=\"https:\/\/www.novagente.pt\/fanny-rodrigues-salva-pelo-filho-se-nao-fosse-ele-ja-nao-estava-aqui-entrevista-exclusiva\" rel=\"nofollow noopener\" target=\"_blank\">entrevista exclusiva a <strong>Nuno Azinheira<\/strong> e \u00e0 <strong>Nova Gente<\/strong><\/a>,<strong> Fanny Rodrigues <\/strong>revelou que, ao longo de 14 anos de televis\u00e3o, nunca teve agente e que, no Somos Portugal, n\u00e3o tinha &#8220;uma amiga&#8221;.<\/p>\n<p><strong>\u201cN\u00e3o, at\u00e9 porque ningu\u00e9m estava pronto para me dar esses conselhos ou eu nunca tive condi\u00e7\u00f5es para os receber\u201d<\/strong>, come\u00e7ou por admitir. A ex-concorrente e apresentadora confessa que nunca teve agente nem algu\u00e9m pr\u00f3ximo que a guiasse nas escolhas profissionais: <strong>\u201cNunca tive agente, nem uma amiga que me pegasse e dissesse que aquilo n\u00e3o era algo bom para mim.\u201d<\/strong><\/p>\n<p>Mesmo durante o tempo em que integrou o programa Somos Portugal, Fanny afirma que n\u00e3o houve essa rede de apoio.<strong> \u201cN\u00e3o\u201d,<\/strong> respondeu, sem rodeios, \u00e0 pergunta de Nuno Azinheira.<\/p>\n<p>Ao longo da conversa, a atriz e apresentadora revelou que, at\u00e9 hoje, continua sem agente: <strong>\u201cNunca tive. Acho que sempre sofri esse preconceito na pele.\u201d <\/strong>Quando a quest\u00e3o foi\u00a0\u201cningu\u00e9m quer trabalhar contigo?&#8221;, a respostade Fanny foi: &#8220;<strong>N\u00e3o\u201d.<\/strong><\/p>\n<p>Apesar deste obst\u00e1culo, Fanny mostra-se orgulhosa do percurso: \u201cAcho que ainda tenho [sucesso], mod\u00e9stia \u00e0 parte. Apesar de n\u00e3o estar na caixinha m\u00e1gica, tenho no\u00e7\u00e3o daquilo que valho.\u201d<\/p>\n<p>Texto: Tiago Miguel Sim\u00f5es; Fotos: Instagram e Impala<\/p>\n<p class=\"intagram-text\">Siga a Nova Gente no Instagram<\/p>\n<p>                        <a href=\"https:\/\/www.instagram.com\/revistanovagente\/\" target=\"_blank\" aria-label=\"instagram\" rel=\"noopener nofollow\"><img decoding=\"async\" style=\"display: block; margin-left: auto; margin-right: auto; width: 250px; height: 83px;\" src=\"https:\/\/www.europesays.com\/pt\/wp-content\/uploads\/2025\/11\/Instagram_NG.png\" alt=\"instagram\"\/><\/a><br \/>\n                    <script async src=\"\/\/www.instagram.com\/embed.js\"><\/script><\/p>\n","protected":false},"excerpt":{"rendered":"Em entrevista exclusiva a Nuno Azinheira e \u00e0 Nova Gente, Fanny Rodrigues revelou que, ao longo de 14&hellip;\n","protected":false},"author":2,"featured_media":162662,"comment_status":"","ping_status":"","sticky":false,"template":"","format":"standard","meta":{"footnotes":""},"categories":[145],"tags":[31100,211,210,114,115,5795,32,33,162],"class_list":{"0":"post-162661","1":"post","2":"type-post","3":"status-publish","4":"format-standard","5":"has-post-thumbnail","7":"category-celebridades","8":"tag-agente","9":"tag-celebridades","10":"tag-celebrities","11":"tag-entertainment","12":"tag-entretenimento","13":"tag-fanny-rodrigues","14":"tag-portugal","15":"tag-pt","16":"tag-tvi"},"share_on_mastodon":{"url":"https:\/\/pubeurope.com\/@pt\/115601340484678178","error":""},"_links":{"self":[{"href":"https:\/\/www.europesays.com\/pt\/wp-json\/wp\/v2\/posts\/162661","targetHints":{"allow":["GET"]}}],"collection":[{"href":"https:\/\/www.europesays.com\/pt\/wp-json\/wp\/v2\/posts"}],"about":[{"href":"https:\/\/www.europesays.com\/pt\/wp-json\/wp\/v2\/types\/post"}],"author":[{"embeddable":true,"href":"https:\/\/www.europesays.com\/pt\/wp-json\/wp\/v2\/users\/2"}],"replies":[{"embeddable":true,"href":"https:\/\/www.europesays.com\/pt\/wp-json\/wp\/v2\/comments?post=162661"}],"version-history":[{"count":0,"href":"https:\/\/www.europesays.com\/pt\/wp-json\/wp\/v2\/posts\/162661\/revisions"}],"wp:featuredmedia":[{"embeddable":true,"href":"https:\/\/www.europesays.com\/pt\/wp-json\/wp\/v2\/media\/162662"}],"wp:attachment":[{"href":"https:\/\/www.europesays.com\/pt\/wp-json\/wp\/v2\/media?parent=162661"}],"wp:term":[{"taxonomy":"category","embeddable":true,"href":"https:\/\/www.europesays.com\/pt\/wp-json\/wp\/v2\/categories?post=162661"},{"taxonomy":"post_tag","embeddable":true,"href":"https:\/\/www.europesays.com\/pt\/wp-json\/wp\/v2\/tags?post=162661"}],"curies":[{"name":"wp","href":"https:\/\/api.w.org\/{rel}","templated":true}]}}