{"id":162668,"date":"2025-11-23T22:27:17","date_gmt":"2025-11-23T22:27:17","guid":{"rendered":"https:\/\/www.europesays.com\/pt\/162668\/"},"modified":"2025-11-23T22:27:17","modified_gmt":"2025-11-23T22:27:17","slug":"viroses-fora-de-epoca-e-utis-lotadas","status":"publish","type":"post","link":"https:\/\/www.europesays.com\/pt\/162668\/","title":{"rendered":"Viroses fora de \u00e9poca e UTIs lotadas"},"content":{"rendered":"<p>O que tradicionalmente era um per\u00edodo mais tranquilo para os consult\u00f3rios pedi\u00e1tricos, o fim do ano virou sin\u00f4nimo de alta demanda. Ao inv\u00e9s das consultas de rotina para acompanhar crescimento e desenvolvimento infantil, o que tem lotado as agendas dos pediatras s\u00e3o beb\u00eas e crian\u00e7as pequenas com quadros virais, pneumonias complicadas e at\u00e9 bronquiolite causada por Covid-19.<\/p>\n<p>A mudan\u00e7a no comportamento dos v\u00edrus, intensificada ap\u00f3s a pandemia, somada ao atraso vacinal e \u00e0 exposi\u00e7\u00e3o precoce em creches, desenha um cen\u00e1rio de preocupa\u00e7\u00e3o para especialistas. \u201cNunca vimos tantos quadros graves persistirem t\u00e3o tarde no ano\u201d, afirma o pediatra Jo\u00e3o Paulo Weiand.<\/p>\n<p>Segundo ele, viroses respirat\u00f3rias que j\u00e1 deveriam ter reduzido sua presen\u00e7a seguem intensas, entre elas, tamb\u00e9m a influenza, ainda muito presente entre crian\u00e7as n\u00e3o vacinadas. \u201cA gripe deveria praticamente desaparecer nessa \u00e9poca, mas a baixa cobertura vacinal permite que o v\u00edrus continue circulando\u201d, explica.<\/p>\n<p><strong>Covid-19 ainda impacta beb\u00eas<\/strong><\/p>\n<p><img fetchpriority=\"high\" decoding=\"async\" class=\"alignright wp-image-362968\" src=\"https:\/\/www.europesays.com\/pt\/wp-content\/uploads\/2025\/11\/joao-paulo-wieand-303x600.jpg\" alt=\"\" width=\"207\" height=\"410\"  \/>Entre as surpresas do ano, est\u00e1 o n\u00famero de casos de Covid-19 em crian\u00e7as pequenas e at\u00e9 em beb\u00eas internados em UTI com bronquiolite causada pelo v\u00edrus. Os quadros mais leves, segundo Weiand, provavelmente passam despercebidos e s\u00e3o classificados apenas como \u201cviroses comuns\u201d.<\/p>\n<p>A bronquiolite segue como um dos principais desafios do per\u00edodo. Antes concentrada entre mar\u00e7o e agosto, ela agora persiste al\u00e9m do previsto. \u201cContinuamos vendo beb\u00eas pequenos, inclusive abaixo de um m\u00eas de vida, chegando com bronquiolite. As UTIs seguem lotadas\u201d, relata.<\/p>\n<p>Outro fen\u00f4meno observado s\u00e3o pneumonias complicadas, com derrame e destrui\u00e7\u00e3o de partes do pulm\u00e3o, aparecendo meses depois do habitual. \u201cNormalmente esse pico ocorre junto com as bronquiolites. Mas neste ano ele veio mais tarde, mantendo a ocupa\u00e7\u00e3o da UTI sempre alta.\u201d<\/p>\n<p><strong>Nas creches<\/strong><\/p>\n<p>Para o pediatra, o intenso fluxo de v\u00edrus tem rela\u00e7\u00e3o direta com a rotina moderna das fam\u00edlias. \u201cAs escolinhas n\u00e3o fecham mais como antigamente. As crian\u00e7as ficam o ano todo, e a creche \u00e9 o ambiente onde os v\u00edrus mais circulam\u201d, afirma.<\/p>\n<p>Ele destaca que os beb\u00eas, especialmente aqueles que entram muito cedo, enfrentam uma carga viral elevada em um per\u00edodo em que o sistema imunol\u00f3gico ainda \u00e9 imaturo. O resultado s\u00e3o quadros sucessivos: febre a cada duas semanas, infec\u00e7\u00f5es de repeti\u00e7\u00e3o e mais risco de complica\u00e7\u00f5es como otites.<\/p>\n<p>Ainda, o Rio Grande do Sul registrou em 2025 um aumento de casos de meningite meningoc\u00f3cica, com surtos de meningococo B na Serra e meningococo Y no Sul do estado. O n\u00famero de casos superou os anos anteriores.<\/p>\n<p>A constata\u00e7\u00e3o levou o Minist\u00e9rio da Sa\u00fade a ajustar o calend\u00e1rio: a vacina ACWY passa a ser aplicada aos 12 meses como refor\u00e7o, al\u00e9m de seguir indicada aos 11 anos para reduzir a circula\u00e7\u00e3o entre adolescentes.<\/p>\n","protected":false},"excerpt":{"rendered":"O que tradicionalmente era um per\u00edodo mais tranquilo para os consult\u00f3rios pedi\u00e1tricos, o fim do ano virou sin\u00f4nimo&hellip;\n","protected":false},"author":2,"featured_media":162669,"comment_status":"","ping_status":"","sticky":false,"template":"","format":"standard","meta":{"footnotes":""},"categories":[86],"tags":[116,32,33,117],"class_list":{"0":"post-162668","1":"post","2":"type-post","3":"status-publish","4":"format-standard","5":"has-post-thumbnail","7":"category-saude","8":"tag-health","9":"tag-portugal","10":"tag-pt","11":"tag-saude"},"share_on_mastodon":{"url":"https:\/\/pubeurope.com\/@pt\/115601371779566574","error":""},"_links":{"self":[{"href":"https:\/\/www.europesays.com\/pt\/wp-json\/wp\/v2\/posts\/162668","targetHints":{"allow":["GET"]}}],"collection":[{"href":"https:\/\/www.europesays.com\/pt\/wp-json\/wp\/v2\/posts"}],"about":[{"href":"https:\/\/www.europesays.com\/pt\/wp-json\/wp\/v2\/types\/post"}],"author":[{"embeddable":true,"href":"https:\/\/www.europesays.com\/pt\/wp-json\/wp\/v2\/users\/2"}],"replies":[{"embeddable":true,"href":"https:\/\/www.europesays.com\/pt\/wp-json\/wp\/v2\/comments?post=162668"}],"version-history":[{"count":0,"href":"https:\/\/www.europesays.com\/pt\/wp-json\/wp\/v2\/posts\/162668\/revisions"}],"wp:featuredmedia":[{"embeddable":true,"href":"https:\/\/www.europesays.com\/pt\/wp-json\/wp\/v2\/media\/162669"}],"wp:attachment":[{"href":"https:\/\/www.europesays.com\/pt\/wp-json\/wp\/v2\/media?parent=162668"}],"wp:term":[{"taxonomy":"category","embeddable":true,"href":"https:\/\/www.europesays.com\/pt\/wp-json\/wp\/v2\/categories?post=162668"},{"taxonomy":"post_tag","embeddable":true,"href":"https:\/\/www.europesays.com\/pt\/wp-json\/wp\/v2\/tags?post=162668"}],"curies":[{"name":"wp","href":"https:\/\/api.w.org\/{rel}","templated":true}]}}