{"id":162681,"date":"2025-11-23T22:37:18","date_gmt":"2025-11-23T22:37:18","guid":{"rendered":"https:\/\/www.europesays.com\/pt\/162681\/"},"modified":"2025-11-23T22:37:18","modified_gmt":"2025-11-23T22:37:18","slug":"tricampeonato-deboche-e-beijaco-veja-o-resumao-da-semana-de-a-fazenda-17-r7","status":"publish","type":"post","link":"https:\/\/www.europesays.com\/pt\/162681\/","title":{"rendered":"Tricampeonato, deboche e beija\u00e7o: veja o resum\u00e3o da semana de A Fazenda 17 &#8211; R7"},"content":{"rendered":"<ol>\n<li><a href=\"https:\/\/news.google.com\/rss\/articles\/CBMi2wFBVV95cUxORGRDbXdWWGFQY3BDQW5lNkxVNV9RWHoxeUJEakdTTHlTRUVKZmVEZUVkZC1uN0tEUUp2ZWRvYlpIYnBNdC1waE5tcXIzdzZianEySGhJVThCR3dtMTU4bjJwVlpqa1lJOGpzY3pfZzQ3WlJ2QXhPVVdfOHhCZFRESXM0RktSRjlFOTFZMXJUdHhoLURKcU9zdTY5UVJOcHFEZEtxcm8ya2RDT2hZZG5OSFl6VEVOUldkTkF3blhzS1ZtVHVzeGF1TEo5LVNtV2pFb0kwOE1VM24ydkE?oc=5\" target=\"_blank\" rel=\"nofollow noopener\">Tricampeonato, deboche e beija\u00e7o: veja o resum\u00e3o da semana de A Fazenda 17<\/a>&nbsp;&nbsp;R7<\/li>\n<li><a href=\"https:\/\/news.google.com\/rss\/articles\/CBMiyAFBVV95cUxOSHRQOVkwTHJ2Q1ZvSDdiZHl6RElvQktoM2l3ZDEwcllBblluTTg2YUFhTkFRQXZkODc3Zk1lOHRzNTd1ZERuVFlYNzRabGFsNDFZZlM0RlU5WGh6a1Axb3dKZWVxWGx6WWNXdXVtbUo4NUw2YlEtbzhMYm9ZeDRpNjhuRDg0SHZYd2lNemVaZjR6QmNGMTM4WkRoUUNyOUwxdWNzSzV5Q21kLVFubGJVTGlZbnZQZkJDUzdoeGptR05fNkNFRFFyd9IB1wFBVV95cUxQUE14ZXNZSUpKaElvaFBmaUd3VHRsTW1ZQVdrc0pUZ2RPbGZER0d2c0dzbHR4LV9KQURIdjBIZExkSy03NUR6QjV6bXZIeFJRTzd0ZWZMNEF6aDB4QlVKU3NmYmZCZ1pPMzllM2taUFN3Vkg0VlJBWW5mMUttMENQWkhqQzRGRmxKUWYydVRMZENxUEVYdUJ2RFA0Y0ZvbHFBSTF0OHpyWDU3azc4WnNLNHh5Zzg2dVZpV0RtUkVhZHVmTzZHdGQ4WElQbEdoQWhwMmg0R0ttUQ?oc=5\" target=\"_blank\" rel=\"nofollow noopener\">Prova de Fogo acaba em dedo na cara, bate-boca e palavr\u00e3o em A Fazenda 17<\/a>&nbsp;&nbsp;Not\u00edcias da TV<\/li>\n<li><a href=\"https:\/\/news.google.com\/rss\/articles\/CBMi5AFBVV95cUxOT2V3WlJyaG40eVBXZmdrTWlmX2o4V0N1VEIyUU81ZVN2cWlDVjRuaTJacUI0WDdmdFY3dXRSdkZKbFdiTU5lUjVPLXZzQzYxcDkzYWcydzNtdFIxaHB4RjhNZkFIeXcwZFhfVm1jcWVpNU8ydEtSa2hNRGZ0MHh0ejU4cWZqWVNFbDRhbGoxX2hfUUVSS2dFSDI3N1BTNUpJVi1fZTZGR2UtTkV0YldLMnRrdlRLbTRWSEpkVHU5dW5XZjRKVDFqZXlhU2RGOVRZUHZEbnR0VGJFZzVxbGJQYThiYW8?oc=5\" target=\"_blank\" rel=\"nofollow noopener\">Extra, extra! Reveja as manchetes mais afrontosas do Jornal Rural de A Fazenda 17<\/a>&nbsp;&nbsp;R7<\/li>\n<li><a href=\"https:\/\/news.google.com\/rss\/articles\/CBMiuwFBVV95cUxPb3FPZ0E1UTJISGVRMEJJcVFQZzhwRkZYaVRkbmtzV1VVR1hTVTJoNExMRnpiM1BIV01VaktsZ0xnUFdGZ1VhaTAwNFd3MmdBbUpmVTdtZEVUeHVEZ2lsS2FLMndtSTFJS19rOUNHb1dxSWs4VEtTSk1WUEZQcEh2MnBaXzNBaElXNUptRl9sWFJoLUYzVExSMVJEUGFyMGlkaXJ2UnlOOTM1UHhvN3lZV2NWN2h0N2IwZERZ?oc=5\" target=\"_blank\" rel=\"nofollow noopener\">Saory conversa com Pe\u00f5es sobre o jogo de Mesquita#AFazenda #shorts<\/a>&nbsp;&nbsp;R7<\/li>\n<li><a href=\"https:\/\/news.google.com\/rss\/articles\/CBMiwAFBVV95cUxQSUZ3LVhEeldyMnRTU1hMX1NORGllUXQtd3FPek1RSWRwcng3WFB3eGxUeEthSFd6V2dOcEk2NVBaODJuUzdrU1RNNHNILUZLLUdRRXJYNURVX0VlRm9tUHJPaURlYXZPTlRkLXhVeEpCLUJVOGtzaFdmaWtQVnE4dHF0X1JqeWxmOXowZ3MwUndZNkZvNzNDclJFWFBkU3pNZWw5T1IzaVE5c0FZd0NyQWxhME9FcFhxcTAwNGpLZkQ?oc=5\" target=\"_blank\" rel=\"nofollow noopener\">Provoca\u00e7\u00f5es e advert\u00eancia da produ\u00e7\u00e3o acompanham elimina\u00e7\u00e3o em \u201cA Fazenda 17\u201d<\/a>&nbsp;&nbsp;Portal M\u00e1rcia Piovesan<\/li>\n<\/ol>\n","protected":false},"excerpt":{"rendered":"Tricampeonato, deboche e beija\u00e7o: veja o resum\u00e3o da semana de A Fazenda 17&nbsp;&nbsp;R7 Prova de Fogo acaba em&hellip;\n","protected":false},"author":2,"featured_media":162682,"comment_status":"","ping_status":"","sticky":false,"template":"","format":"standard","meta":{"footnotes":""},"categories":[142],"tags":[657,114,115,32,30708,22718,33,22719,151],"class_list":{"0":"post-162681","1":"post","2":"type-post","3":"status-publish","4":"format-standard","5":"has-post-thumbnail","7":"category-tv","8":"tag-a-fazenda","9":"tag-entertainment","10":"tag-entretenimento","11":"tag-portugal","12":"tag-prova-de-fogo","13":"tag-prova-do-fazendeiro","14":"tag-pt","15":"tag-roca","16":"tag-tv"},"share_on_mastodon":{"url":"https:\/\/pubeurope.com\/@pt\/115601411102085759","error":""},"_links":{"self":[{"href":"https:\/\/www.europesays.com\/pt\/wp-json\/wp\/v2\/posts\/162681","targetHints":{"allow":["GET"]}}],"collection":[{"href":"https:\/\/www.europesays.com\/pt\/wp-json\/wp\/v2\/posts"}],"about":[{"href":"https:\/\/www.europesays.com\/pt\/wp-json\/wp\/v2\/types\/post"}],"author":[{"embeddable":true,"href":"https:\/\/www.europesays.com\/pt\/wp-json\/wp\/v2\/users\/2"}],"replies":[{"embeddable":true,"href":"https:\/\/www.europesays.com\/pt\/wp-json\/wp\/v2\/comments?post=162681"}],"version-history":[{"count":0,"href":"https:\/\/www.europesays.com\/pt\/wp-json\/wp\/v2\/posts\/162681\/revisions"}],"wp:featuredmedia":[{"embeddable":true,"href":"https:\/\/www.europesays.com\/pt\/wp-json\/wp\/v2\/media\/162682"}],"wp:attachment":[{"href":"https:\/\/www.europesays.com\/pt\/wp-json\/wp\/v2\/media?parent=162681"}],"wp:term":[{"taxonomy":"category","embeddable":true,"href":"https:\/\/www.europesays.com\/pt\/wp-json\/wp\/v2\/categories?post=162681"},{"taxonomy":"post_tag","embeddable":true,"href":"https:\/\/www.europesays.com\/pt\/wp-json\/wp\/v2\/tags?post=162681"}],"curies":[{"name":"wp","href":"https:\/\/api.w.org\/{rel}","templated":true}]}}