{"id":162693,"date":"2025-11-23T22:45:15","date_gmt":"2025-11-23T22:45:15","guid":{"rendered":"https:\/\/www.europesays.com\/pt\/162693\/"},"modified":"2025-11-23T22:45:15","modified_gmt":"2025-11-23T22:45:15","slug":"o-signo-que-faz-mais-promessas-e-tambem-o-que-menos-as-cumpre-2","status":"publish","type":"post","link":"https:\/\/www.europesays.com\/pt\/162693\/","title":{"rendered":"O signo que faz mais promessas \u00e9 tamb\u00e9m o que menos as cumpre"},"content":{"rendered":"<p>S\u00e3o capazes de prometer tudo e mais alguma coisa, mas quando \u00e9 para cumprir nada aparece feito. Ser\u00e1 que conhece alguma pessoa assim? H\u00e1 um signo do zod\u00edaco mais prop\u00edcio a ter este tipo de atitude. Veja o que dizem os astros sobre este perfil.<\/p>\n<p>Segundo o website Los Andes trata-se de G\u00e9meos (21 de maio a 21 de junho). &#8220;A astrologia explica que a sua natureza espont\u00e2nea o leva a empolgar-se facilmente, fazer planos e proferir frases grandiosas que, como o hor\u00f3scopo confirma mais tarde, raramente s\u00e3o concretizadas. Essa din\u00e2mica torna-o um especialista em criar ilus\u00f5es e em dececionar&#8221;, come\u00e7am por dizer.<\/p>\n<p>Explicam ainda que este signo \u201c\u00e9 movido por impulsos e emo\u00e7\u00f5es passageiras, que no zod\u00edaco traduzem-se em promessas nascidas de um entusiasmo sincero, mas que n\u00e3o resistem ao teste do tempo\u201d.<\/p>\n<p>E ainda n\u00e3o \u00e9 tudo. &#8220;Este signo \u00e9 descrito como sonhador, cheio de ideias e projetos que partilha com paix\u00e3o. A astrologia afirma que, entre os signos do zod\u00edaco, \u00e9 um dos mais dispersos, o que o leva a esquecer compromissos, datas e acordos. Essa caracter\u00edstica gera frustra\u00e7\u00e3o tanto para o pr\u00f3prio signo quanto para aqueles \u00e0 sua volta.\u201d<\/p>\n<p>Leia Tamb\u00e9m: <a href=\"https:\/\/www.noticiasaominuto.com\/lifestyle\/2890798\/estes-4-signos-do-zodiaco-nao-tem-jeito-para-cozinhar-o-seu-e-um-deles\" target=\"_blank\" rel=\"noreferrer noopener nofollow\">Estes 4 signos do zod\u00edaco n\u00e3o t\u00eam jeito para cozinhar. O seu \u00e9 um deles?<\/a><\/p>\n<p>Acabam por ter muitas vezes dificuldade em manter o foco. As promessas que faz s\u00e3o sinceras, mas acaba muitas vezes por n\u00e3o as cumprir como desejaria. &#8220;Esta tend\u00eancia \u00e9 especialmente percet\u00edvel no trabalho, nos relacionamentos e nas amizades.&#8221;<\/p>\n<p>Revelam ainda que \u201c\u00e9 o mais facilmente influenciado pela inspira\u00e7\u00e3o, o que leva a compromissos que s\u00e3o posteriormente esquecidos ou adiados. Esta falta de consist\u00eancia n\u00e3o \u00e9 maldade: \u00e9 o seu ritmo natural, sempre mut\u00e1vel e em constante movimento.\u201d<\/p>\n<p>Sol, J\u00fapiter e Saturno est\u00e3o alinhados. Como \u00e9 que G\u00e9meos \u00e9 afetado? <\/p>\n<p>O astr\u00f3logo Julio Antonio revelou ao website 20Minutos o que vai acontecer durante este per\u00edodo.<\/p>\n<p>G\u00e9meos (21 de maio a 21 de junho) <\/p>\n<p>&#8220;Especialmente em novembro, ir\u00e1 viver mudan\u00e7as muito positivas em tudo o que \u00e9 relacionado com o trabalho, finan\u00e7as e outros assuntos do dia a dia. Na maioria das vezes, estas mudan\u00e7as podem exigir algum esfor\u00e7o.&#8221;<\/p>\n<p>E como ser\u00e1 o m\u00eas de novembro para G\u00e9meos?<\/p>\n<p>A astr\u00f3loga Arminda Mestre, s\u00f3cia da ASPAS &#8211; Associa\u00e7\u00e3o Portuguesa de Astrologia, revelou ao Lifestyle ao Minuto alguns conselhos para G\u00e9meos.<\/p>\n<p>\u201cProcure organizar-se a todos os n\u00edveis para n\u00e3o se sentir sobrecarregado(a), procure adaptar-se e concentre-se naquilo que realmente \u00e9 importante para si, priorize-se, pois pode sentir-se disperso entre cuidar de si, ou dos outros procure colocar limites, sen\u00e3o as tens\u00f5es surgir\u00e3o.<\/p>\n<p>Evite conflitos sempre que a comunica\u00e7\u00e3o n\u00e3o seja clara ou sempre que surjam mal-entendidos, na segunda da quinzena procure que os seus di\u00e1logos sejam profundos com quem ama e seja honesto consigo e com os outros.<\/p>\n<p>Na \u00e1rea profissional poder\u00e3o ocorrer instabilidades, evite disputas e pratique a flexibilidade na comunica\u00e7\u00e3o, para que possam surgir melhores solu\u00e7\u00f5es.\u201d<\/p>\n<p>Leia Tamb\u00e9m: <a href=\"https:\/\/www.noticiasaominuto.com\/lifestyle\/2891297\/fecham-se-a-sete-chaves-os-signos-mais-retraidos-do-zodiaco\" target=\"_blank\" rel=\"noreferrer noopener nofollow\">Fecham-se a &#8216;sete chaves&#8217;! Os signos mais retra\u00eddos do zod\u00edaco<\/a><\/p>\n","protected":false},"excerpt":{"rendered":"S\u00e3o capazes de prometer tudo e mais alguma coisa, mas quando \u00e9 para cumprir nada aparece feito. Ser\u00e1&hellip;\n","protected":false},"author":2,"featured_media":162694,"comment_status":"","ping_status":"","sticky":false,"template":"","format":"standard","meta":{"footnotes":""},"categories":[50],"tags":[27,28,15,16,14,25,26,21,22,62,12,13,19,20,23,24,17,18,29,30,31,63,64,65],"class_list":{"0":"post-162693","1":"post","2":"type-post","3":"status-publish","4":"format-standard","5":"has-post-thumbnail","7":"category-mundo","8":"tag-breaking-news","9":"tag-breakingnews","10":"tag-featured-news","11":"tag-featurednews","12":"tag-headlines","13":"tag-latest-news","14":"tag-latestnews","15":"tag-main-news","16":"tag-mainnews","17":"tag-mundo","18":"tag-news","19":"tag-noticias","20":"tag-noticias-principais","21":"tag-noticiasprincipais","22":"tag-principais-noticias","23":"tag-principaisnoticias","24":"tag-top-stories","25":"tag-topstories","26":"tag-ultimas","27":"tag-ultimas-noticias","28":"tag-ultimasnoticias","29":"tag-world","30":"tag-world-news","31":"tag-worldnews"},"share_on_mastodon":{"url":"https:\/\/pubeurope.com\/@pt\/115601442350792437","error":""},"_links":{"self":[{"href":"https:\/\/www.europesays.com\/pt\/wp-json\/wp\/v2\/posts\/162693","targetHints":{"allow":["GET"]}}],"collection":[{"href":"https:\/\/www.europesays.com\/pt\/wp-json\/wp\/v2\/posts"}],"about":[{"href":"https:\/\/www.europesays.com\/pt\/wp-json\/wp\/v2\/types\/post"}],"author":[{"embeddable":true,"href":"https:\/\/www.europesays.com\/pt\/wp-json\/wp\/v2\/users\/2"}],"replies":[{"embeddable":true,"href":"https:\/\/www.europesays.com\/pt\/wp-json\/wp\/v2\/comments?post=162693"}],"version-history":[{"count":0,"href":"https:\/\/www.europesays.com\/pt\/wp-json\/wp\/v2\/posts\/162693\/revisions"}],"wp:featuredmedia":[{"embeddable":true,"href":"https:\/\/www.europesays.com\/pt\/wp-json\/wp\/v2\/media\/162694"}],"wp:attachment":[{"href":"https:\/\/www.europesays.com\/pt\/wp-json\/wp\/v2\/media?parent=162693"}],"wp:term":[{"taxonomy":"category","embeddable":true,"href":"https:\/\/www.europesays.com\/pt\/wp-json\/wp\/v2\/categories?post=162693"},{"taxonomy":"post_tag","embeddable":true,"href":"https:\/\/www.europesays.com\/pt\/wp-json\/wp\/v2\/tags?post=162693"}],"curies":[{"name":"wp","href":"https:\/\/api.w.org\/{rel}","templated":true}]}}