{"id":162703,"date":"2025-11-23T22:55:13","date_gmt":"2025-11-23T22:55:13","guid":{"rendered":"https:\/\/www.europesays.com\/pt\/162703\/"},"modified":"2025-11-23T22:55:13","modified_gmt":"2025-11-23T22:55:13","slug":"mariana-machado-e-jose-carlos-pinto-sagram-se-campeoes-nacionais-de-corta-mato","status":"publish","type":"post","link":"https:\/\/www.europesays.com\/pt\/162703\/","title":{"rendered":"Mariana Machado e Jos\u00e9 Carlos Pinto sagram-se campe\u00f5es nacionais de corta-mato"},"content":{"rendered":"<p>Mariana Machado, do Sp. Braga, sagrou-se este domingo pelo quinto ano consecutivo campe\u00e3 nacional de corta-mato, com o individual Jos\u00e9 Carlos Pinto a vencer a corrida masculina em Lagoa.<\/p>\n<p>A ol\u00edmpica Mariana Machado confirmou o favoritismo com que chegava ao Algarve, venceu a prova em 25.33 minutos, e igualou os cinco t\u00edtulos de Fernanda Ribeiro, ficando a tr\u00eas da recordista Rosa Mota e a dois de Dulce F\u00e9lix.<\/p>\n<p>&#8220;Estou muito feliz, \u00e9 sempre bom conquistar mais um t\u00edtulo de campe\u00e3o nacional tanto a n\u00edvel individual como coletivamente para o Sporting de Braga, sem d\u00favida que estou muito orgulhosa. Acima de tudo um imenso orgulho [ser pentacampe\u00e3], \u00e9 um gosto enorme continuar a praticar esta disciplina que me tem proporcionado tanta experi\u00eancia e momentos bons e creio que demonstra a minha resili\u00eancia e esp\u00edrito de sacrif\u00edcio, porque ser consistente ao longo dos anos \u00e9 o mais dif\u00edcil na nossa modalidade&#8221;, disse.<\/p>\n<p>Na segunda posi\u00e7\u00e3o ficou outra atleta do Sp. Braga, Laura Taborda (26.17,90), \u00e0 frente de Ana Mafalda Ferreira (26.36,10), do Sporting, com as bracarenses a somarem o quarto t\u00edtulo consecutivo por equipas, com 17 pontos, seguidas das &#8216;leoas&#8217; (44) e do Beira-Mar (48).<\/p>\n<p>O p\u00f3dio da prova masculina foi monopolizado por atletas quenianos, que apenas contavam para as classifica\u00e7\u00f5es coletivas, com Victor Kimosop (Benfica) a vencer em 21.55,80 minutos, \u00e0 frente de Charles Rotich (Sporting), em 21.58,50, e de Edwin Bett (Sp. Braga), em 22.09,90.<\/p>\n<p>Ao ser quarto classificado, com uma marca de 22.13,50, Jos\u00e9 Carlos Pinto sagrou-se campe\u00e3o nacional, batendo Miguel Moreira (Benfica), em 22.18,20, e Etson Barros (Benfica), em 22.33,90.<\/p>\n<p>&#8220;\u00c9 uma sensa\u00e7\u00e3o muito boa conseguir o meu primeiro t\u00edtulo de campe\u00e3o no Nacional de corta-mato. N\u00e3o tinha d\u00favida alguma que hoje seria campe\u00e3o. Sei bem como me estou a treinar, o meu treinador tamb\u00e9m o sabe. O objetivo claramente n\u00e3o \u00e9 o nacional, \u00e9 o Europeu e vamos ver o que vai acontecer, pode ser algo engra\u00e7ado. Para mais agora que j\u00e1 parto com um bocadinho mais de experi\u00eancia que a concorr\u00eancia, porque j\u00e1 conhe\u00e7o o percurso e penso que isso pode ser decisivo&#8221;, assumiu.<\/p>\n<p>Por equipas, o Benfica voltou a sagrar-se campe\u00e3o, pela quinta vez consecutiva, 21 pontos, deixando a 16 o Sporting, com o Sporting de Braga a fechar o p\u00f3dio.<\/p>\n<p>Nas estafetas mistas, os encarnados, com o campe\u00e3o mundial dos 1.500 metros Isaac Nader, Salom\u00e9 Afonso, Teresiah Gateri e Thomas Marques, venceram em 17.27 minutos, \u00e0 frente dos le\u00f5es Teresa Delfino, Rodrigo Lima, Patr\u00edcia Silva e Alex Macu\u00e1cua, que gastaram 18.27.<\/p>\n<p>Sara In\u00e1cio, Diogo Ros\u00e1rio, Maria Avelino e Eduardo Pestana, em representa\u00e7\u00e3o dos madeirenses do Jardim da Serra, fecharam o p\u00f3dio, com um tempo de 18.31.<\/p>\n<p>Os Nacionais de corta-mato decidiram tamb\u00e9m as equipas que v\u00e3o representar Portugal na Ta\u00e7a dos Clubes Campe\u00f5es Europeus, com os dois primeiros em elites e sub-20 e na estafeta mista a garantirem presen\u00e7a.<\/p>\n<p>Para os Europeus, que se disputam em Lagoa, em 14 de dezembro, s\u00e3o selecionados os tr\u00eas primeiros em cada escal\u00e3o (seniores, sub-23 e sub-20), com os restantes tr\u00eas elementos de cada equipa a serem escolhidos pela equipa t\u00e9cnica nacional.<\/p>\n","protected":false},"excerpt":{"rendered":"Mariana Machado, do Sp. Braga, sagrou-se este domingo pelo quinto ano consecutivo campe\u00e3 nacional de corta-mato, com o&hellip;\n","protected":false},"author":2,"featured_media":162704,"comment_status":"","ping_status":"","sticky":false,"template":"","format":"standard","meta":{"footnotes":""},"categories":[87],"tags":[135,32,33,134],"class_list":{"0":"post-162703","1":"post","2":"type-post","3":"status-publish","4":"format-standard","5":"has-post-thumbnail","7":"category-desporto","8":"tag-desporto","9":"tag-portugal","10":"tag-pt","11":"tag-sports"},"share_on_mastodon":{"url":"https:\/\/pubeurope.com\/@pt\/115601481746516630","error":""},"_links":{"self":[{"href":"https:\/\/www.europesays.com\/pt\/wp-json\/wp\/v2\/posts\/162703","targetHints":{"allow":["GET"]}}],"collection":[{"href":"https:\/\/www.europesays.com\/pt\/wp-json\/wp\/v2\/posts"}],"about":[{"href":"https:\/\/www.europesays.com\/pt\/wp-json\/wp\/v2\/types\/post"}],"author":[{"embeddable":true,"href":"https:\/\/www.europesays.com\/pt\/wp-json\/wp\/v2\/users\/2"}],"replies":[{"embeddable":true,"href":"https:\/\/www.europesays.com\/pt\/wp-json\/wp\/v2\/comments?post=162703"}],"version-history":[{"count":0,"href":"https:\/\/www.europesays.com\/pt\/wp-json\/wp\/v2\/posts\/162703\/revisions"}],"wp:featuredmedia":[{"embeddable":true,"href":"https:\/\/www.europesays.com\/pt\/wp-json\/wp\/v2\/media\/162704"}],"wp:attachment":[{"href":"https:\/\/www.europesays.com\/pt\/wp-json\/wp\/v2\/media?parent=162703"}],"wp:term":[{"taxonomy":"category","embeddable":true,"href":"https:\/\/www.europesays.com\/pt\/wp-json\/wp\/v2\/categories?post=162703"},{"taxonomy":"post_tag","embeddable":true,"href":"https:\/\/www.europesays.com\/pt\/wp-json\/wp\/v2\/tags?post=162703"}],"curies":[{"name":"wp","href":"https:\/\/api.w.org\/{rel}","templated":true}]}}