{"id":162711,"date":"2025-11-23T23:05:08","date_gmt":"2025-11-23T23:05:08","guid":{"rendered":"https:\/\/www.europesays.com\/pt\/162711\/"},"modified":"2025-11-23T23:05:08","modified_gmt":"2025-11-23T23:05:08","slug":"virginia-desembarca-no-rio-e-ganha-churrasco-da-mae-de-vini-jr-celebridades","status":"publish","type":"post","link":"https:\/\/www.europesays.com\/pt\/162711\/","title":{"rendered":"Virginia desembarca no Rio e ganha churrasco da m\u00e3e de Vini Jr. | Celebridades"},"content":{"rendered":"<p>                                        Virginia chega ao Rio e fica hospedada na mans\u00e3o de Vini Jr &#8211; Reprodu\u00e7\u00e3o\/Instagram<\/p>\n<p class=\"content-media__description\">Virginia chega ao Rio e fica hospedada na mans\u00e3o de Vini JrReprodu\u00e7\u00e3o\/Instagram<\/p>\n<p>                            Publicado 23\/11\/2025 19:06\n                    <\/p>\n<p>Rio &#8211; Virginia Fonseca encerrou o s\u00e1bado (22) no Rio de Janeiro depois de um dia cheio entre Goi\u00e1s e S\u00e3o Paulo. Assim que chegou \u00e0 cidade, ela seguiu direto para a casa do namorado, Vini Jr., onde recebeu uma recep\u00e7\u00e3o familiar. Fernanda Cristina, m\u00e3e do jogador, preparou um churrasco para a influenciadora.<\/p>\n<p>&#8220;Chegamos aqui no Vini. Minha sogra vai fazer um churrasco para gente aqui hoje\u201d, disse Virginia ao mostrar o momento.<\/p>\n<p>A correria do dia come\u00e7ou em Goi\u00e1s, onde Virginia marcou presen\u00e7a no Caldas Country Festival, em Caldas Novas. Logo depois, ela embarcou para S\u00e3o Paulo para cumprir compromissos profissionais. \u00c0 noite, seguiu para o Rio, onde finalizou a maratona ao lado de amigos e da fam\u00edlia do namorado.<\/p>\n<p>Lucas Guedez, que acompanhou a influenciadora durante parte do trajeto, adiantou o que vem pela frente.<br \/>\u201cE daqui para Madri\u201d, afirmou ele, indicando que a agenda segue movimentada.<\/p>\n","protected":false},"excerpt":{"rendered":"Virginia chega ao Rio e fica hospedada na mans\u00e3o de Vini Jr &#8211; Reprodu\u00e7\u00e3o\/Instagram Virginia chega ao Rio&hellip;\n","protected":false},"author":2,"featured_media":162712,"comment_status":"","ping_status":"","sticky":false,"template":"","format":"standard","meta":{"footnotes":""},"categories":[145],"tags":[211,210,114,115,32,33,3126,1446],"class_list":{"0":"post-162711","1":"post","2":"type-post","3":"status-publish","4":"format-standard","5":"has-post-thumbnail","7":"category-celebridades","8":"tag-celebridades","9":"tag-celebrities","10":"tag-entertainment","11":"tag-entretenimento","12":"tag-portugal","13":"tag-pt","14":"tag-vini-jr","15":"tag-virginia-fonseca"},"share_on_mastodon":{"url":"https:\/\/pubeurope.com\/@pt\/115601520932481599","error":""},"_links":{"self":[{"href":"https:\/\/www.europesays.com\/pt\/wp-json\/wp\/v2\/posts\/162711","targetHints":{"allow":["GET"]}}],"collection":[{"href":"https:\/\/www.europesays.com\/pt\/wp-json\/wp\/v2\/posts"}],"about":[{"href":"https:\/\/www.europesays.com\/pt\/wp-json\/wp\/v2\/types\/post"}],"author":[{"embeddable":true,"href":"https:\/\/www.europesays.com\/pt\/wp-json\/wp\/v2\/users\/2"}],"replies":[{"embeddable":true,"href":"https:\/\/www.europesays.com\/pt\/wp-json\/wp\/v2\/comments?post=162711"}],"version-history":[{"count":0,"href":"https:\/\/www.europesays.com\/pt\/wp-json\/wp\/v2\/posts\/162711\/revisions"}],"wp:featuredmedia":[{"embeddable":true,"href":"https:\/\/www.europesays.com\/pt\/wp-json\/wp\/v2\/media\/162712"}],"wp:attachment":[{"href":"https:\/\/www.europesays.com\/pt\/wp-json\/wp\/v2\/media?parent=162711"}],"wp:term":[{"taxonomy":"category","embeddable":true,"href":"https:\/\/www.europesays.com\/pt\/wp-json\/wp\/v2\/categories?post=162711"},{"taxonomy":"post_tag","embeddable":true,"href":"https:\/\/www.europesays.com\/pt\/wp-json\/wp\/v2\/tags?post=162711"}],"curies":[{"name":"wp","href":"https:\/\/api.w.org\/{rel}","templated":true}]}}