{"id":162717,"date":"2025-11-23T23:12:12","date_gmt":"2025-11-23T23:12:12","guid":{"rendered":"https:\/\/www.europesays.com\/pt\/162717\/"},"modified":"2025-11-23T23:12:12","modified_gmt":"2025-11-23T23:12:12","slug":"criar-t-benfica-campeonato-nacional-hoquei","status":"publish","type":"post","link":"https:\/\/www.europesays.com\/pt\/162717\/","title":{"rendered":"CRIAR-T Benfica Campeonato Nacional H\u00f3quei"},"content":{"rendered":"<tr style=\"background-color: white; border-bottom: 1px solid white;\">\n<td style=\"font-weight: bold; font-size: 30px;\" colspan=\"2\">Campeonato Nacional<\/td>\n<\/tr>\n<tr>\n<td colspan=\"2\">6.\u00aa jornada<br \/>Zona Sul<\/td>\n<\/tr>\n<tr>\n<td style=\"padding: 10px 0; background-color: #f2f2f2!important;\" colspan=\"2\"><strong>RESULTADO FINAL<\/strong><\/td>\n<\/tr>\n<tr>\n<td style=\"font-size: 20px;\"><strong>CRIAR-T<\/strong><\/td>\n<td style=\"border-right: 1px solid #f4f4f4; font-size: 55px;\"><strong>0<\/strong><\/td>\n<\/tr>\n<tr class=\"red\">\n<td style=\"font-size: 20px;\"><strong>Benfica<\/strong><\/td>\n<td style=\"border-right: 1px solid #f4f4f4; font-size: 55px;\"><strong>17<\/strong><\/td>\n<\/tr>\n<tr>\n<td style=\"background-color: #f2f2f2!important;\" colspan=\"2\"><strong>Marcadoras<\/strong><\/td>\n<\/tr>\n<tr>\n<td style=\"border-right: 1px solid #f4f4f4;\">\u00a0<\/td>\n<td>\u00a0Rita Batista <strong>5&#8242;<br \/><\/strong>Rita Batista<strong>\u00a05&#8242;<br \/><\/strong>Marlene Sousa<strong> 5&#8242;<br \/><\/strong>Marlene Sousa<strong> 9&#8242;<br \/><\/strong>Leonor Coelho <strong>10&#8242;<br \/><\/strong>Maria Sofia Silva<strong> 13&#8242;<br \/><\/strong>Aim\u00e9e Blackman<strong> 18&#8242;<br \/><\/strong>Maria Sofia Silva<strong> 21&#8242;<br \/><\/strong>Maria Sofia Silva<strong> 25&#8242;<br \/><\/strong>Leonor Coelho<strong> 27&#8242;<br \/><\/strong>Rita Batista<strong> 31&#8242;<br \/><\/strong>Sara Roces<strong> 33&#8242;<br \/><\/strong>Sara Roces<strong> 36&#8242;<br \/><\/strong>Marlene Sousa<strong> 37&#8242;<br \/><\/strong>Raquel Santos<strong> 39&#8242; gp<br \/><\/strong>Maria Sofia Silva<strong> 40&#8242;<br \/><\/strong>In\u00eas Severino<strong> 44&#8242;<\/strong><\/td>\n<\/tr>\n<p>L\u00edder da Zona Sul do Campeonato Nacional, a equipa feminina de h\u00f3quei em patins do <a href=\"https:\/\/www.slbenfica.pt\/pt-pt\/modalidades\/hoquei?teamGender=female&amp;teamRank=16094ecf-9e78-4e3e-bcdf-28e4f765de9f\" rel=\"nofollow noopener\" target=\"_blank\"><strong>Benfica<\/strong><\/a> prolongou o arranque perfeito na prova, ao vencer o CRIAR-T por expressivos 17 golos sem resposta na 6.\u00aa jornada realizada nesta noite de domingo, 23 de novembro.<\/p>\n<p>No Pavilh\u00e3o Municipal Leonel Fernandes, casa da forma\u00e7\u00e3o do Seixal, <strong>as \u00e1guias dominaram<\/strong> um oponente que partiu para esta ronda no pen\u00faltimo posto. Aos 5&#8242;, <strong>Rita Batista abriu o ativo<\/strong>. No mesmo minuto, houve mais dois golos. A avan\u00e7ada bisou pouco depois, antes de a <strong>capit\u00e3 Marlene Sousa ampliar o placar<\/strong>.<\/p>\n<p>A perder por 0-3, a treinadora do CRIAR-T solicitou timeout.<\/p>\n<p>As encarnadas continuaram mais rematadoras e o marcador s\u00f3 n\u00e3o foi dilatado mais vezes, devido \u00e0s a\u00e7\u00f5es da guarda-redes Beatriz Alves.<\/p>\n<p><img decoding=\"async\" src=\"https:\/\/www.europesays.com\/pt\/wp-content\/uploads\/2025\/11\/rita-batista-thumbnail.jpg\" alt=\"Rita Batista\" height=\"522px\" width=\"926px\"\/><\/p>\n<p>Todavia, a valia do Benfica fez-se sentir com os<strong> tentos de Marlene Sousa<\/strong> (9&#8242;), <strong>Leonor Coelho<\/strong> (10&#8242;), <strong>Maria Sofia Silva<\/strong> (13&#8242;, 21&#8242; e 25&#8242;) e <strong>Aim\u00e9e Blackman<\/strong> (18&#8242;). Ao intervalo, <strong>a forma\u00e7\u00e3o comandada por Paulo Almeida vencia por 0-9<\/strong>.<\/p>\n<p>Num duelo em que as diferen\u00e7as entre as duas equipas foram evidentes, o resultado avolumou-se com golos de <strong>Leonor Coelho <\/strong>(27&#8242;),<strong> Rita Batista <\/strong>(31&#8242;),<strong> Sara Roces <\/strong>(33&#8242; e 36&#8242;),<strong> Marlene Sousa <\/strong>(37&#8242;),<strong> Raquel Santos <\/strong>(39&#8242;),<strong> Maria Sofia Silva <\/strong>(40&#8242;)<strong> e In\u00eas Severino <\/strong>(44&#8242;), autora do 17.\u00ba e \u00faltimo remate certeiro da partida.\u00a0<\/p>\n<p>Refira-se que na melhor situa\u00e7\u00e3o para marcar, o CRIAR-T n\u00e3o converteu uma grande penalidade, pois o disparo de Madalena Santana foi <strong>defendido por Lili Buchoux<\/strong>, aos 38&#8242;.<\/p>\n<p>O pr\u00f3ximo desafio das dodecacampe\u00e3s nacionais est\u00e1 agendado para domingo, 30 de novembro. \u00c0s 11h00, no Pavilh\u00e3o Fidelidade, <strong>as encarnadas recebem o CP Manlleu<\/strong>, no jogo da 1.\u00aa jornada do <strong>Grupo B da WSE Champions League Women<\/strong>.<\/p>\n<p><img decoding=\"async\" src=\"https:\/\/www.europesays.com\/pt\/wp-content\/uploads\/2025\/11\/1763939532_98_equipa-thumbnail.jpg\" alt=\"Equipa do Benfica\" height=\"522px\" width=\"926px\"\/><\/p>\n<tr>\n<td style=\"background-color: #f2f2f2!important;\" colspan=\"3\"><strong>Campeonato Nacional (Zona Sul) | 6.\u00aa jornada | 23\/11\/2025<\/strong><\/td>\n<\/tr>\n<tr style=\"background-color: #ffffff;\">\n<td style=\"font-size: 25px !important; font-weight: 500; padding: 0 0 20px;\" colspan=\"3\">CRIAR-T-Benfica<br \/>0-17<br \/>Pavilh\u00e3o Municipal Leonel Fernandes<\/td>\n<\/tr>\n<tr>\n<td style=\"background-color: #f2f2f2!important;\" colspan=\"3\"><strong>Cinco inicial do Benfica<\/strong><\/td>\n<\/tr>\n<tr>\n<td style=\"padding: 15px 20px;\" colspan=\"3\">Maria Vieira, Marlene Sousa, Rita Batista, In\u00eas Severino e Leonor Coelho<\/td>\n<\/tr>\n<tr>\n<td style=\"background-color: #f2f2f2!important;\" colspan=\"3\"><strong>Suplentes<\/strong><\/td>\n<\/tr>\n<tr>\n<td style=\"padding: 15px 20px;\" colspan=\"3\">\n<p>Lili Buchoux, Aim\u00e9e Blackman, Sara Roces, Maria Sofia Silva e Raquel Santos<\/p>\n<\/td>\n<\/tr>\n<tr>\n<td style=\"background-color: #f2f2f2!important;\" colspan=\"3\"><strong>Treinador do Benfica<\/strong><\/td>\n<\/tr>\n<tr>\n<td style=\"padding: 15px 20px;\" colspan=\"3\">Paulo Almeida<\/td>\n<\/tr>\n<tr>\n<td style=\"background-color: #f2f2f2!important;\" colspan=\"3\"><strong>Cinco inicial do CRIAR-T<\/strong><\/td>\n<\/tr>\n<tr>\n<td style=\"padding: 15px 20px;\" colspan=\"3\">Beatriz Alves, Rita Lopes, Madalena Santana, Maria Silva e Liliana Ponte<\/td>\n<\/tr>\n<tr>\n<td style=\"background-color: #f2f2f2!important;\" colspan=\"3\"><strong>Suplentes<\/strong><\/td>\n<\/tr>\n<tr>\n<td style=\"padding: 15px 20px;\" colspan=\"3\">Elisabete Oliveira, Rita Diegues, Laura Ant\u00e3o, N\u00faria Capote e Al\u00edcia Faro\u00a0<\/td>\n<\/tr>\n<tr>\n<td style=\"border-right: 1px solid #f4f4f4;\" colspan=\"2\"><strong>Ao intervalo<\/strong><\/td>\n<td colspan=\"1\">0-9<\/td>\n<\/tr>\n<tr>\n<td style=\"background-color: #f2f2f2!important;\" colspan=\"3\"><strong>Golos<\/strong><\/td>\n<\/tr>\n<tr>\n<td colspan=\"3\"><strong>Benfica: <\/strong>Rita Batista (5&#8242;, 5&#8242; e 31&#8242;), Marlene Sousa (5&#8242;, 9&#8242; e 37&#8242;), Leonor Coelho (10&#8242; e 27&#8242;), Maria Sofia Silva (13&#8242;, 21&#8242;, 25&#8242; e 40&#8242;), Aim\u00e9e Blackman (18&#8242;), Sara Roces (33&#8242; e 36&#8242;), Raquel Santos (39&#8242; gp) e In\u00eas Severino (44&#8242;)<\/td>\n<\/tr>\n","protected":false},"excerpt":{"rendered":"Campeonato Nacional 6.\u00aa jornadaZona Sul RESULTADO FINAL CRIAR-T 0 Benfica 17 Marcadoras \u00a0 \u00a0Rita Batista 5&#8242;Rita Batista\u00a05&#8242;Marlene Sousa&hellip;\n","protected":false},"author":2,"featured_media":162718,"comment_status":"","ping_status":"","sticky":false,"template":"","format":"standard","meta":{"footnotes":""},"categories":[87],"tags":[135,32,33,134],"class_list":{"0":"post-162717","1":"post","2":"type-post","3":"status-publish","4":"format-standard","5":"has-post-thumbnail","7":"category-desporto","8":"tag-desporto","9":"tag-portugal","10":"tag-pt","11":"tag-sports"},"share_on_mastodon":{"url":"https:\/\/pubeurope.com\/@pt\/115601548927947804","error":""},"_links":{"self":[{"href":"https:\/\/www.europesays.com\/pt\/wp-json\/wp\/v2\/posts\/162717","targetHints":{"allow":["GET"]}}],"collection":[{"href":"https:\/\/www.europesays.com\/pt\/wp-json\/wp\/v2\/posts"}],"about":[{"href":"https:\/\/www.europesays.com\/pt\/wp-json\/wp\/v2\/types\/post"}],"author":[{"embeddable":true,"href":"https:\/\/www.europesays.com\/pt\/wp-json\/wp\/v2\/users\/2"}],"replies":[{"embeddable":true,"href":"https:\/\/www.europesays.com\/pt\/wp-json\/wp\/v2\/comments?post=162717"}],"version-history":[{"count":0,"href":"https:\/\/www.europesays.com\/pt\/wp-json\/wp\/v2\/posts\/162717\/revisions"}],"wp:featuredmedia":[{"embeddable":true,"href":"https:\/\/www.europesays.com\/pt\/wp-json\/wp\/v2\/media\/162718"}],"wp:attachment":[{"href":"https:\/\/www.europesays.com\/pt\/wp-json\/wp\/v2\/media?parent=162717"}],"wp:term":[{"taxonomy":"category","embeddable":true,"href":"https:\/\/www.europesays.com\/pt\/wp-json\/wp\/v2\/categories?post=162717"},{"taxonomy":"post_tag","embeddable":true,"href":"https:\/\/www.europesays.com\/pt\/wp-json\/wp\/v2\/tags?post=162717"}],"curies":[{"name":"wp","href":"https:\/\/api.w.org\/{rel}","templated":true}]}}