{"id":162719,"date":"2025-11-23T23:13:21","date_gmt":"2025-11-23T23:13:21","guid":{"rendered":"https:\/\/www.europesays.com\/pt\/162719\/"},"modified":"2025-11-23T23:13:21","modified_gmt":"2025-11-23T23:13:21","slug":"anvisa-libera-mounjaro-por-dentistas-e-cria-alerta-sobre-seguranca-noticias-r7","status":"publish","type":"post","link":"https:\/\/www.europesays.com\/pt\/162719\/","title":{"rendered":"Anvisa libera Mounjaro por dentistas e cria alerta sobre seguran\u00e7a \u2013 Noticias R7"},"content":{"rendered":"<p><img decoding=\"async\" data-chromatic=\"ignore\" alt=\"\" class=\"c-image\" loading=\"lazy\" src=\"https:\/\/www.europesays.com\/pt\/wp-content\/uploads\/2025\/11\/OQABX2YCWVDB7CYWBGBD7JZSDE.jpeg\"  width=\"2048\" height=\"1152\"\/>Dentistas j\u00e1 podem prescrever tirzepatida com seguran\u00e7a. (Foto: Syda Productions e Getty Images via Canva) Fala Ci\u00eancia <\/p>\n<p class=\"jarvics:base-text-neutral-high-400 base-text-[calc(theme(fontSize.xs)_*_var(--font-size,_1))] base-font-normal base-font-primary base-text-neutral-low-500 base-text-left\">\n<p>Uma mudan\u00e7a recente na regulamenta\u00e7\u00e3o brasileira est\u00e1 reformulando a pr\u00e1tica cl\u00ednica de muitos profissionais: dentistas agora podem prescrever <strong>Mounjaro (tirzepatida)<\/strong> para pacientes obesos com <strong>apneia obstrutiva do sono<\/strong>, uma condi\u00e7\u00e3o s\u00e9ria e frequentemente subdiagnosticada.\u00a0<\/p>\n<\/p>\n<p class=\"jarvics:base-text-neutral-high-400 base-text-[calc(theme(fontSize.xs)_*_var(--font-size,_1))] base-font-normal base-font-primary base-text-neutral-low-500 base-text-left\">\n<p>A decis\u00e3o da Anvisa amplia o alcance terap\u00eautico desse medicamento, mas tamb\u00e9m imp\u00f5e uma nova demanda por responsabilidade, preparo t\u00e9cnico e avalia\u00e7\u00e3o criteriosa.<\/p>\n<\/p>\n<p class=\"jarvics:base-text-neutral-high-400 base-text-[calc(theme(fontSize.xs)_*_var(--font-size,_1))] base-font-normal base-font-primary base-text-neutral-low-500 base-text-left\"><strong>Diversidades terap\u00eauticas do Mounjaro<\/strong><\/p>\n<p class=\"jarvics:base-text-neutral-high-400 base-text-[calc(theme(fontSize.xs)_*_var(--font-size,_1))] base-font-normal base-font-primary base-text-neutral-low-500 base-text-left\">\n<p>Antes destinado principalmente ao manejo do <strong>diabetes tipo 2<\/strong>, o Mounjaro passou a ser autorizado para uso em um contexto diferente, voltado ao controle da apneia em pessoas com obesidade. A mudan\u00e7a acontece porque a tirzepatida influencia diretamente par\u00e2metros metab\u00f3licos e de composi\u00e7\u00e3o corporal que podem contribuir para reduzir a gravidade da apneia, como a diminui\u00e7\u00e3o de gordura cervical e abdominal.<\/p>\n<\/p>\n<p class=\"jarvics:base-text-neutral-high-400 base-text-[calc(theme(fontSize.xs)_*_var(--font-size,_1))] base-font-normal base-font-primary base-text-neutral-low-500 base-text-left\">\n<p>Essa amplia\u00e7\u00e3o de uso exige que os dentistas compreendam profundamente o funcionamento do medicamento e seus poss\u00edveis impactos sist\u00eamicos. Mesmo com autonomia prevista na Lei 5.081\/66, o uso respons\u00e1vel \u00e9 indispens\u00e1vel.<\/p>\n<\/p>\n<p class=\"jarvics:base-text-neutral-high-400 base-text-[calc(theme(fontSize.xs)_*_var(--font-size,_1))] base-font-normal base-font-primary base-text-neutral-low-500 base-text-left\"><strong>Por que dentistas entraram na prescri\u00e7\u00e3o do Mounjaro?<\/strong><\/p>\n<p><img decoding=\"async\" data-chromatic=\"ignore\" alt=\"\" class=\"c-image\" loading=\"lazy\" src=\"https:\/\/www.europesays.com\/pt\/wp-content\/uploads\/2025\/11\/D2ZMQD7UJBB47LZIGGX7ACPRMM.jpeg\"  width=\"1024\" height=\"576\"\/>Mounjaro entra no tratamento odontol\u00f3gico da apneia. (Foto: Getty Images via Canva) Fala Ci\u00eancia <\/p>\n<p class=\"jarvics:base-text-neutral-high-400 base-text-[calc(theme(fontSize.xs)_*_var(--font-size,_1))] base-font-normal base-font-primary base-text-neutral-low-500 base-text-left\">\n<p>A odontologia desempenha um papel essencial no diagn\u00f3stico e no manejo da apneia, j\u00e1 que muitos pacientes iniciam a investiga\u00e7\u00e3o ao relatar ronco, bruxismo ou cansa\u00e7o diurno durante consultas odontol\u00f3gicas. Diante disso, permitir que dentistas, devidamente capacitados, prescrevam Mounjaro cria um caminho mais r\u00e1pido para o in\u00edcio do tratamento.<\/p>\n<\/p>\n<p class=\"jarvics:base-text-neutral-high-400 base-text-[calc(theme(fontSize.xs)_*_var(--font-size,_1))] base-font-normal base-font-primary base-text-neutral-low-500 base-text-left\">\n<p>Ainda assim, a Anvisa refor\u00e7a que o uso deve ocorrer em <strong>contexto cl\u00ednico controlado<\/strong>, sobretudo porque pacientes obesos costumam utilizar outros medicamentos que podem interagir com a tirzepatida.<\/p>\n<\/p>\n<p class=\"jarvics:base-text-neutral-high-400 base-text-[calc(theme(fontSize.xs)_*_var(--font-size,_1))] base-font-normal base-font-primary base-text-neutral-low-500 base-text-left\"><strong>Multidisciplinaridade deixa de ser op\u00e7\u00e3o e vira necessidade<\/strong><\/p>\n<p class=\"jarvics:base-text-neutral-high-400 base-text-[calc(theme(fontSize.xs)_*_var(--font-size,_1))] base-font-normal base-font-primary base-text-neutral-low-500 base-text-left\">\n<p>Para garantir seguran\u00e7a e resultados consistentes, o Conselho Federal de Odontologia orienta que a prescri\u00e7\u00e3o seja integrada com outras especialidades. Isso inclui:<\/p>\n<\/p>\n<p class=\"jarvics:base-text-neutral-high-400 base-text-[calc(theme(fontSize.xs)_*_var(--font-size,_1))] base-font-normal base-font-primary base-text-neutral-low-500 base-text-left\">\n<p>\u2022 m\u00e9dicos respons\u00e1veis pelo acompanhamento metab\u00f3lico<br \/>\u2022 profissionais envolvidos no monitoramento do sono<br \/>\u2022 equipes respons\u00e1veis por avaliar intera\u00e7\u00f5es medicamentosas<br \/>\u2022 especialistas em obesidade e sa\u00fade respirat\u00f3ria<\/p>\n<\/p>\n<p class=\"jarvics:base-text-neutral-high-400 base-text-[calc(theme(fontSize.xs)_*_var(--font-size,_1))] base-font-normal base-font-primary base-text-neutral-low-500 base-text-left\">\n<p>Essa estrutura colaborativa reduz riscos e melhora o acompanhamento da resposta cl\u00ednica, especialmente em pacientes com m\u00faltiplas comorbidades.<\/p>\n<\/p>\n<p class=\"jarvics:base-text-neutral-high-400 base-text-[calc(theme(fontSize.xs)_*_var(--font-size,_1))] base-font-normal base-font-primary base-text-neutral-low-500 base-text-left\"><strong>Riscos, benef\u00edcios e novos desafios\u00a0<\/strong><\/p>\n<p class=\"jarvics:base-text-neutral-high-400 base-text-[calc(theme(fontSize.xs)_*_var(--font-size,_1))] base-font-normal base-font-primary base-text-neutral-low-500 base-text-left\">\n<p>A tirzepatida pode oferecer melhora significativa nos quadros de apneia do sono relacionada \u00e0 obesidade. Entretanto, como qualquer medicamento sist\u00eamico, existem potenciais efeitos adversos e ajustes de dose que precisam ser acompanhados com rigor. \u00c9 justamente nesse ponto que a prud\u00eancia profissional ganha protagonismo.<\/p>\n<\/p>\n<p class=\"jarvics:base-text-neutral-high-400 base-text-[calc(theme(fontSize.xs)_*_var(--font-size,_1))] base-font-normal base-font-primary base-text-neutral-low-500 base-text-left\">\n<p>A nova autoriza\u00e7\u00e3o representa um avan\u00e7o, mas tamb\u00e9m demanda que dentistas ampliem sua forma\u00e7\u00e3o e consolidem uma pr\u00e1tica baseada em evid\u00eancias, com foco absoluto na preserva\u00e7\u00e3o da sa\u00fade do paciente.<\/p><\/p>\n","protected":false},"excerpt":{"rendered":"Dentistas j\u00e1 podem prescrever tirzepatida com seguran\u00e7a. (Foto: Syda Productions e Getty Images via Canva) Fala Ci\u00eancia Uma&hellip;\n","protected":false},"author":2,"featured_media":162720,"comment_status":"","ping_status":"","sticky":false,"template":"","format":"standard","meta":{"footnotes":""},"categories":[86],"tags":[116,32,33,117],"class_list":{"0":"post-162719","1":"post","2":"type-post","3":"status-publish","4":"format-standard","5":"has-post-thumbnail","7":"category-saude","8":"tag-health","9":"tag-portugal","10":"tag-pt","11":"tag-saude"},"share_on_mastodon":{"url":"https:\/\/pubeurope.com\/@pt\/115601553118692679","error":""},"_links":{"self":[{"href":"https:\/\/www.europesays.com\/pt\/wp-json\/wp\/v2\/posts\/162719","targetHints":{"allow":["GET"]}}],"collection":[{"href":"https:\/\/www.europesays.com\/pt\/wp-json\/wp\/v2\/posts"}],"about":[{"href":"https:\/\/www.europesays.com\/pt\/wp-json\/wp\/v2\/types\/post"}],"author":[{"embeddable":true,"href":"https:\/\/www.europesays.com\/pt\/wp-json\/wp\/v2\/users\/2"}],"replies":[{"embeddable":true,"href":"https:\/\/www.europesays.com\/pt\/wp-json\/wp\/v2\/comments?post=162719"}],"version-history":[{"count":0,"href":"https:\/\/www.europesays.com\/pt\/wp-json\/wp\/v2\/posts\/162719\/revisions"}],"wp:featuredmedia":[{"embeddable":true,"href":"https:\/\/www.europesays.com\/pt\/wp-json\/wp\/v2\/media\/162720"}],"wp:attachment":[{"href":"https:\/\/www.europesays.com\/pt\/wp-json\/wp\/v2\/media?parent=162719"}],"wp:term":[{"taxonomy":"category","embeddable":true,"href":"https:\/\/www.europesays.com\/pt\/wp-json\/wp\/v2\/categories?post=162719"},{"taxonomy":"post_tag","embeddable":true,"href":"https:\/\/www.europesays.com\/pt\/wp-json\/wp\/v2\/tags?post=162719"}],"curies":[{"name":"wp","href":"https:\/\/api.w.org\/{rel}","templated":true}]}}