{"id":162729,"date":"2025-11-23T23:32:13","date_gmt":"2025-11-23T23:32:13","guid":{"rendered":"https:\/\/www.europesays.com\/pt\/162729\/"},"modified":"2025-11-23T23:32:13","modified_gmt":"2025-11-23T23:32:13","slug":"sandra-madureira-vai-recorrer-aos-tribunais-civis-para-reverter-expulsao-de-socia-do-fc-porto","status":"publish","type":"post","link":"https:\/\/www.europesays.com\/pt\/162729\/","title":{"rendered":"Sandra Madureira vai recorrer aos tribunais civis para reverter expuls\u00e3o de s\u00f3cia do FC Porto"},"content":{"rendered":"<p>Sandra Madureira vai recorrer aos tribunais civis para reverter a expuls\u00e3o de associada do FC Porto, votada e aprovada, no passado s\u00e1bado, na Assembleia Geral dos drag\u00f5es, na sequ\u00eancia do processo judicial &#8216;Pretoriano&#8217;. &#8220;Este foi um processo que atropelou todas as formalidades&#8221;, revelou fonte pr\u00f3xima da mulher de Fernando Madureira, antigo chefe dos Super Drag\u00f5es, ao <b><a href=\"https:\/\/www.cmjornal.pt\/desporto\/futebol\/detalhe\/sandra-madureira-vai-recorrer-para-reverter-a-expulsao-de-associada-do-fc-porto\" target=\"_self\" rel=\"tag nofollow noopener\" title=\"Sandra Madureira vai recorrer aos tribunais civis para reverter a expuls\u00e3o de associada do FC Porto\">&#8216;Correio da Manh\u00e3&#8217;.<\/a><\/b><\/p>\n","protected":false},"excerpt":{"rendered":"Sandra Madureira vai recorrer aos tribunais civis para reverter a expuls\u00e3o de associada do FC Porto, votada e&hellip;\n","protected":false},"author":2,"featured_media":162730,"comment_status":"","ping_status":"","sticky":false,"template":"","format":"standard","meta":{"footnotes":""},"categories":[87],"tags":[135,32,33,134],"class_list":{"0":"post-162729","1":"post","2":"type-post","3":"status-publish","4":"format-standard","5":"has-post-thumbnail","7":"category-desporto","8":"tag-desporto","9":"tag-portugal","10":"tag-pt","11":"tag-sports"},"share_on_mastodon":{"url":"https:\/\/pubeurope.com\/@pt\/115601627292938365","error":""},"_links":{"self":[{"href":"https:\/\/www.europesays.com\/pt\/wp-json\/wp\/v2\/posts\/162729","targetHints":{"allow":["GET"]}}],"collection":[{"href":"https:\/\/www.europesays.com\/pt\/wp-json\/wp\/v2\/posts"}],"about":[{"href":"https:\/\/www.europesays.com\/pt\/wp-json\/wp\/v2\/types\/post"}],"author":[{"embeddable":true,"href":"https:\/\/www.europesays.com\/pt\/wp-json\/wp\/v2\/users\/2"}],"replies":[{"embeddable":true,"href":"https:\/\/www.europesays.com\/pt\/wp-json\/wp\/v2\/comments?post=162729"}],"version-history":[{"count":0,"href":"https:\/\/www.europesays.com\/pt\/wp-json\/wp\/v2\/posts\/162729\/revisions"}],"wp:featuredmedia":[{"embeddable":true,"href":"https:\/\/www.europesays.com\/pt\/wp-json\/wp\/v2\/media\/162730"}],"wp:attachment":[{"href":"https:\/\/www.europesays.com\/pt\/wp-json\/wp\/v2\/media?parent=162729"}],"wp:term":[{"taxonomy":"category","embeddable":true,"href":"https:\/\/www.europesays.com\/pt\/wp-json\/wp\/v2\/categories?post=162729"},{"taxonomy":"post_tag","embeddable":true,"href":"https:\/\/www.europesays.com\/pt\/wp-json\/wp\/v2\/tags?post=162729"}],"curies":[{"name":"wp","href":"https:\/\/api.w.org\/{rel}","templated":true}]}}