{"id":162731,"date":"2025-11-23T23:33:18","date_gmt":"2025-11-23T23:33:18","guid":{"rendered":"https:\/\/www.europesays.com\/pt\/162731\/"},"modified":"2025-11-23T23:33:18","modified_gmt":"2025-11-23T23:33:18","slug":"tempestade-perfeita-medicos-alertam-sobre-aumento-alarmante-de-alergias-alimentares-em-adultos","status":"publish","type":"post","link":"https:\/\/www.europesays.com\/pt\/162731\/","title":{"rendered":"\u2018Tempestade perfeita\u2019: M\u00e9dicos alertam sobre aumento alarmante de alergias alimentares em adultos"},"content":{"rendered":"<p>NOVOAgora voc\u00ea pode ouvir os artigos da Fox Information!\n  <\/p>\n<p class=\"speakable\">Mais adultos est\u00e3o desenvolvendo repentinamente rea\u00e7\u00f5es al\u00e9rgicas mais tarde na vida \u2013 e os especialistas n\u00e3o sabem ao certo por qu\u00ea.<\/p>\n<p class=\"speakable\">Quase 50% dos adultos desenvolveram pelo menos uma alergia alimentar na idade adulta, de acordo com uma investiga\u00e7\u00e3o de 2019 publicada no JAMA.<\/p>\n<p>Illana Golant, fundadora e CEO do Meals and Allergy Fund (FAF) na cidade de Nova York, disse \u00e0 Fox Information Digital que desenvolveu alergias aos 40 anos.<\/p>\n<p><strong>O DESEQUIL\u00cdBRIO INTESTINAL PODE ESTAR PRODUZINDO A EPIDEMIA DE ALERGIA ALIMENTAR NA AM\u00c9RICA, ADVERTEM ESPECIALISTAS<\/strong><\/p>\n<p>\u201cIsso n\u00e3o \u00e9 totalmente compreendido ou reconhecido\u2026 n\u00e3o sabemos por que eles est\u00e3o come\u00e7ando em determinados pontos\u201d, disse ela.<\/p>\n<p>A FAF organizou um f\u00f3rum na semana passada em Washington, DC, com a presen\u00e7a do secret\u00e1rio do HHS, Robert F. Kennedy, do chefe da FDA, Martin Makary, e do diretor do NIH, Jay Bhattacharya.<\/p>\n<p>Quase 50% dos adultos desenvolvem alergias alimentares mais tarde na vida, mostraram estudos. (iStock)<\/p>\n<p>Autoridades de sa\u00fade e pesquisadores est\u00e3o investigando se as alergias podem ser causadas por micr\u00f3bios da sa\u00fade intestinal.<\/p>\n<p>Numa entrevista \u00e0 Fox Information Digital, Makary partilhou como a fun\u00e7\u00e3o dos microbiomas evoluiu ao longo do tempo.<\/p>\n<p><strong>CLIQUE AQUI PARA SE INSCREVER NO NOSSO NEWSLETTER DE ESTILO DE VIDA<\/strong><\/p>\n<p>O intestino hospeda mais de um bilh\u00e3o de tipos diferentes de bact\u00e9rias, que normalmente vivem em equil\u00edbrio, segundo Makary.<\/p>\n<p>\u201cMas quando \u00e9 alterado pela dieta moderna e por antibi\u00f3ticos e outras exposi\u00e7\u00f5es\u2026 esse desequil\u00edbrio pode causar inflama\u00e7\u00e3o [and] problemas de sa\u00fade e pode estar implicado em alergias alimentares\u201d, disse ele.<\/p>\n<p><img fetchpriority=\"high\" decoding=\"async\" src=\"https:\/\/www.europesays.com\/pt\/wp-content\/uploads\/2025\/11\/secretary-kennedy-food-allergy.jpg\" alt=\"Ilana Golant, fundadora da FAF, entrevista o secret\u00e1rio Robert F. Kennedy em Washington, DC.\" width=\"1200\" height=\"675\"\/><\/p>\n<p>Ilana Golant, fundadora e CEO da FAF (\u00e0 esquerda), conversa com o secret\u00e1rio do HHS, Robert F. Kennedy Jr., em Washington, DC, no F\u00f3rum do Fundo de Alergia Alimentar. (Ashley J. DiMella\/Fox Information Digital)<\/p>\n<p>Golant compartilhou que parece haver um \u201cponto de inflex\u00e3o cr\u00edtico\u201d, j\u00e1 que alguns alimentos estimulam mais os adultos do que as crian\u00e7as.<\/p>\n<p>\u201cMarisco [and] as nozes parecem estar proliferando entre os adultos\u201d, observou ela.<\/p>\n<p><strong>CLIQUE AQUI PARA MAIS HIST\u00d3RIAS DE ESTILO DE VIDA<\/strong><\/p>\n<p>O marisco foi o principal al\u00e9rgeno em adultos, de acordo com uma pesquisa de 2018 com mais de 40.000 pessoas publicada nos Annals of Allergy, Bronchial asthma and Immunology.<\/p>\n<p>Golant disse que felizmente sabia sobre alergias quando teve sua primeira rea\u00e7\u00e3o anafil\u00e1tica.<\/p>\n<p><img loading=\"lazy\" decoding=\"async\" src=\"https:\/\/www.europesays.com\/pt\/wp-content\/uploads\/2025\/11\/istock-1602390039.jpg\" alt=\"Pessoa com rea\u00e7\u00e3o al\u00e9rgica.\" width=\"1200\" height=\"675\"\/><\/p>\n<p>\u201cSe eu n\u00e3o soubesse sobre alergias alimentares, teria pensado que estava tendo um ataque card\u00edaco\u201d, disse o fundador do Fundo para Alimentos e Alergias. (iStock)<\/p>\n<p>\u201cSe eu n\u00e3o soubesse sobre alergias alimentares, teria pensado que estava tendo um ataque card\u00edaco\u201d, disse ela. \u201cA gen\u00e9tica n\u00e3o pode mudar t\u00e3o rapidamente. Em uma gera\u00e7\u00e3o, as alergias alimentares dispararam.\u201d<\/p>\n<p><strong>TESTE-SE COM NOSSO \u00daLTIMO TESTE DE ESTILO DE VIDA<\/strong><\/p>\n<p>Aproximadamente um em cada 10 adultos \u00e9 afetado por alergias alimentares, segundo a FAF.<\/p>\n<p><strong>CLIQUE AQUI PARA BAIXAR O APLICATIVO FOX NEWS<\/strong><\/p>\n<p>\u201c\u00c9 a tempestade perfeita com uma variedade de gatilhos ambientais\u201d, acrescentou Golant. \u201cAinda n\u00e3o sabemos quais e\u2026 se existe um prim\u00e1rio [trigger]mas meu palpite \u00e9 que o mais prov\u00e1vel \u00e9 que seja uma tempestade perfeita.\u201d<\/p>\n<p>Ashley J. DiMella \u00e9 rep\u00f3rter de estilo de vida da Fox Information Digital. <\/p>\n","protected":false},"excerpt":{"rendered":"NOVOAgora voc\u00ea pode ouvir os artigos da Fox Information! Mais adultos est\u00e3o desenvolvendo repentinamente rea\u00e7\u00f5es al\u00e9rgicas mais tarde&hellip;\n","protected":false},"author":2,"featured_media":162732,"comment_status":"","ping_status":"","sticky":false,"template":"","format":"standard","meta":{"footnotes":""},"categories":[86],"tags":[116,32,33,117],"class_list":{"0":"post-162731","1":"post","2":"type-post","3":"status-publish","4":"format-standard","5":"has-post-thumbnail","7":"category-saude","8":"tag-health","9":"tag-portugal","10":"tag-pt","11":"tag-saude"},"share_on_mastodon":{"url":"https:\/\/pubeurope.com\/@pt\/115601631565840915","error":""},"_links":{"self":[{"href":"https:\/\/www.europesays.com\/pt\/wp-json\/wp\/v2\/posts\/162731","targetHints":{"allow":["GET"]}}],"collection":[{"href":"https:\/\/www.europesays.com\/pt\/wp-json\/wp\/v2\/posts"}],"about":[{"href":"https:\/\/www.europesays.com\/pt\/wp-json\/wp\/v2\/types\/post"}],"author":[{"embeddable":true,"href":"https:\/\/www.europesays.com\/pt\/wp-json\/wp\/v2\/users\/2"}],"replies":[{"embeddable":true,"href":"https:\/\/www.europesays.com\/pt\/wp-json\/wp\/v2\/comments?post=162731"}],"version-history":[{"count":0,"href":"https:\/\/www.europesays.com\/pt\/wp-json\/wp\/v2\/posts\/162731\/revisions"}],"wp:featuredmedia":[{"embeddable":true,"href":"https:\/\/www.europesays.com\/pt\/wp-json\/wp\/v2\/media\/162732"}],"wp:attachment":[{"href":"https:\/\/www.europesays.com\/pt\/wp-json\/wp\/v2\/media?parent=162731"}],"wp:term":[{"taxonomy":"category","embeddable":true,"href":"https:\/\/www.europesays.com\/pt\/wp-json\/wp\/v2\/categories?post=162731"},{"taxonomy":"post_tag","embeddable":true,"href":"https:\/\/www.europesays.com\/pt\/wp-json\/wp\/v2\/tags?post=162731"}],"curies":[{"name":"wp","href":"https:\/\/api.w.org\/{rel}","templated":true}]}}