{"id":162737,"date":"2025-11-23T23:39:08","date_gmt":"2025-11-23T23:39:08","guid":{"rendered":"https:\/\/www.europesays.com\/pt\/162737\/"},"modified":"2025-11-23T23:39:08","modified_gmt":"2025-11-23T23:39:08","slug":"catarina-martins-rejeita-sonhos-salazarentos-e-gouveia-e-melo-defende-independencia-e-constituicao","status":"publish","type":"post","link":"https:\/\/www.europesays.com\/pt\/162737\/","title":{"rendered":"Catarina Martins rejeita sonhos \u2018Salazarentos\u2019 e Gouveia e Melo defende independ\u00eancia e Constitui\u00e7\u00e3o"},"content":{"rendered":"<p><strong>Catarina Martins, candidata apoiado pelo Bloco de Esquerda, e Henrique Gouveia e Melo, apoiado por v\u00e1rios nomes de diferentes partidos e setores<\/strong><strong>, defrontaram-se este domingo na <\/strong><strong>SIC naquele que \u00e9 foi o <\/strong><a href=\"https:\/\/sicnoticias.pt\/especiais\/eleicoes-presidenciais\/2026\/debates\" target=\"_blank\" rel=\"noreferrer noopener nofollow\"><strong>quarto debate do ciclo de 28 para a corrida \u00e0 Presid\u00eancia<\/strong><\/a><strong>.<\/strong><\/p>\n<p>Henrique Gouveia e Melo come\u00e7ou o debate, ap\u00f3s ser questionado sobre a lei laboral, desviando-se da quest\u00e3o com um coment\u00e1rio \u00e0s liga\u00e7\u00f5es partid\u00e1rias de Catarina Martins. Afirma que h\u00e1 &#8220;um oceano de diferen\u00e7as&#8221; entre ambos.<\/p>\n<blockquote><p> &#8220;A senhora deputada parece-me que vem a estas elei\u00e7\u00f5es numa l\u00f3gica partid\u00e1ria. Tem um p\u00e9 aqui e um p\u00e9 em Bruxelas, eventualmente o seu p\u00e9 de recuo,  <strong>olha para a Constitui\u00e7\u00e3o da Rep\u00fablica de forma assim\u00e9trica<\/strong> , porque disse que se o Chega ganhasse elei\u00e7\u00f5es tentaria evitar, a todo o custo, que fizesse Governo. \u00c9 uma declina\u00e7\u00e3o sofisticada, na minha modesta opini\u00e3o, do marxismo ou leninismo&#8221;, come\u00e7ou por atirar. <\/p><\/blockquote>\n<p>Em oposi\u00e7\u00e3o, garante, est\u00e1 a sua candidatura que &#8220;\u00e9 suprapartid\u00e1ria e independente&#8221;: &#8220;<strong>Quero unir os portugueses, tenho os dois p\u00e9s aqui sem recuo nenhum<\/strong>.&#8221;<\/p>\n<p>A declara\u00e7\u00e3o n\u00e3o ficou sem resposta. A ex-coordenadora do Bloco de Esquerda defendeu que era &#8220;verdade&#8221; que <strong>n\u00e3o iria &#8220;<\/strong><strong>falar nesta campanha de dar posse a um Governo da extrema-direita&#8221;.<\/strong><\/p>\n<blockquote><p> &#8220;Era o que mais faltava, at\u00e9 porque eu sei que se for eleita Presidente, h\u00e1 uma maioria que \u00e9 contra a extrema-direita e a extrema-direita nunca vai ser Governo. Eu  <strong>estou aqui para falar da liberdade e n\u00e3o para falar dos sonhos \u2018Salazarentos\u2019 de Andr\u00e9 Ventura e as suas tropelias&#8221;<\/strong> , sublinhou a candidata. <\/p><\/blockquote>\n<p>A antiga coordenadora bloquista deixou ainda claro que ningu\u00e9m a diminuiria por ter sido eleita: &#8220;Tive confian\u00e7a popular, tenho escrut\u00ednio popular e tamb\u00e9m ningu\u00e9m me diminui pelo que eu fa\u00e7o&#8221;.<\/p>\n<p>Seguiu-se uma acusa\u00e7\u00e3o ao almirante por n\u00e3o ser t\u00e3o independente quanto afian\u00e7a, deu a entender a candidata, uma vez que<strong> foi almo\u00e7ar com \u201cum magnata\u201d como Andr\u00e9 Ventura, l\u00edder do Chega<\/strong>. Gouveia e Melo, por sua vez, <strong>justificou que \u201ctodos temos de conhecer os atores pol\u00edticos\u201d e que foi nesse sentido que aceitou o almo\u00e7o.<\/strong><\/p>\n<p>Sobre a posi\u00e7\u00e3o pol\u00edtica de Gouveia e Melo, Catarina Martins afirma que, perante as opini\u00f5es diversas do advers\u00e1rio, n\u00e3o consegue entender onde se encaixa o almirante.<\/p>\n<p><strong>C\u00f3digo do Trabalho<\/strong>: a resposta de Gouveia e Melo e as cr\u00edticas de Martins ao Governo<\/p>\n<p>A discuss\u00e3o sobre a independ\u00eancia ou n\u00e3o dos candidatos tomou parte do in\u00edcio do debate, mas as diferen\u00e7as entre ambos n\u00e3o se ficaram por a\u00ed. Respondendo \u00e0 pergunta de Clara de Sousa sobre qual seria o primeiro direito que nunca poderia ser mexido na lei laboral, Gouveia e Melo acusou a necessidade de haver mudan\u00e7a, ainda <strong>que preservando &#8220;<\/strong><strong>os direitos dos trabalhadores&#8221; <\/strong>na &#8220;maior extens\u00e3o poss\u00edvel porque queremos uma <strong>economia que se desenvolva, mas com coes\u00e3o social\u201d.<\/strong><\/p>\n<p>Quanto ao que se deve flexibilizar, Gouveia e Melo defendeu \u201cum conjunto de medidas em que a nova economia &#8211; por exemplo a economia digital &#8211; exige algumas altera\u00e7\u00f5es\u201d. O que <strong>n\u00e3o pode ser mudado, acaba por afirmar s\u00e3o <\/strong><strong>direitos que causem precariedade nos trabalhadores<\/strong>.<\/p>\n<p>J\u00e1 Catarina Martins \u00e9 mais cr\u00edtica na resposta. Sobre o C\u00f3digo de Trabalho, a candidata afirma que aquilo que o Governo prop\u00f5e \u00e9 \u201c<strong>pagar menos pelas horas extraordin\u00e1rias<\/strong>\u201d, o que quer dizer que \u201cas pessoas que precisam das horas extraordin\u00e1rias para chegarem ao fim do m\u00eas porque os sal\u00e1rios s\u00e3o curtos, <strong>v\u00e3o ter um corte de sal\u00e1rio<\/strong>\u201d.<\/p>\n<p>Acrescenta ainda que, no caso dos jovens, este pacote trar\u00e1 maior dificuldade em ter um contrato de trabalho com v\u00ednculo permanente <strong>como se \u201cser jovem significasse que se pode estar sempre a prazo\u201d.<\/strong><\/p>\n<p>Os jovens ter\u00e3o ainda mais obst\u00e1culos em conseguirem estabilidade profissional e, consequentemente, estabilidade pessoal por terem tamb\u00e9m maiores entraves ao conseguir, por exemplo, um cr\u00e9dito \u00e0 habita\u00e7\u00e3o.<\/p>\n<p>Martins acrescenta ainda que isto afeta mais trabalhadores do que apenas aqueles que precisam das horas de trabalho ou de um contrato est\u00e1vel.<\/p>\n<blockquote><p> \u201cQuem at\u00e9 foi progredindo na sua carreira  <strong>poder\u00e1 baixar de posi\u00e7\u00e3o e, portanto, de sal\u00e1rio, porque o patr\u00e3o quer\u201d<\/strong> , indica a ex-coordenadora bloquista  <strong>apelando ao \u201ccuidado\u201d <\/strong> com este novo pacote laboral. <\/p><\/blockquote>\n<p>O diagn\u00f3stico do almirante sobre a sa\u00fade e o &#8220;improviso&#8221; porque n\u00e3o h\u00e1 acompanhamento<\/p>\n<p>No que diz respeito \u00e0 sa\u00fade, Gouveia e Melo defende que <strong>&#8220;o <\/strong><strong>que est\u00e1 a acontecer&#8221; n\u00e3o \u00e9 &#8220;falta de recursos porque t\u00eam aumentado muito&#8221;<\/strong>, mas o problema <strong>reside na &#8220;organiza\u00e7\u00e3o interna e responsabiliza\u00e7\u00e3o&#8221;.<\/strong><\/p>\n<blockquote><p> &#8220;Podemos ter os recursos todos neste modelo que n\u00e3o vamos ter os resultados que desejamos. (&#8230;)  Qual \u00e9 o destino que queremos para o SNS? Porque isso n\u00e3o est\u00e1 claro nesta governa\u00e7\u00e3o e o Presidente pode ajudar a esclarecer&#8221;, argumenta. <\/p><\/blockquote>\n<p>Por sua vez, Catarina Martins defende que \u00e9 preciso olhar para as quest\u00f5es que temos hoje de \u201coutra forma\u201d e <strong>n\u00e3o defender \u201co que tivemos nem defender quem d\u00e1 dinheiro aos privados porque t\u00eam ficado com muito dinheiro e n\u00e3o fizeram nada de jeito<\/strong>\u201d.<\/p>\n<p>Mas Gouveia e Melo diagnostica outro problema que vai al\u00e9m da sa\u00fade: &#8220;h\u00e1 em Portugal <strong>uma cultura de improviso e falta de rigor e temos de mudar isso<\/strong>.\u201d Um &#8220;improviso&#8221; que, explica a candidata apoiada pelo Bloco,<strong> tem uma raz\u00e3o de ser.<\/strong><\/p>\n<blockquote><p> &#8221; <strong>Improvisa-se muito na sa\u00fade porque como as pessoas n\u00e3o t\u00eam <\/strong> <strong>acompanhamento, vai tudo parar \u00e0s urg\u00eancias e como n\u00e3o uma despesa estrutural do Estado nos pr\u00f3prios profissionais do SNS, depois precisa de tarefeiros para as urg\u00eancias<\/strong> &#8220;, afirma defendendo que \u00e9 preciso conseguir que as pessoas v\u00e3o menos \u00e0s urg\u00eancias &#8211; atrav\u00e9s de maior acompanhamento &#8211; e dar condi\u00e7\u00f5es aos profissionais de sa\u00fade, nomeadamente, &#8220;mexendo nas carreiras&#8221;. <\/p><\/blockquote>\n<p>Gouveia e Melo acaba por defender a descentraliza\u00e7\u00e3o da sa\u00fade para que os hospitais sejam s\u00edtios de urg\u00eancias e n\u00e3o de consultas que possam ser feitas noutras unidades de sa\u00fade. <\/p>\n","protected":false},"excerpt":{"rendered":"Catarina Martins, candidata apoiado pelo Bloco de Esquerda, e Henrique Gouveia e Melo, apoiado por v\u00e1rios nomes de&hellip;\n","protected":false},"author":2,"featured_media":162738,"comment_status":"","ping_status":"","sticky":false,"template":"","format":"standard","meta":{"footnotes":""},"categories":[8],"tags":[27,28,15,16,14,25,26,21,22,12,13,19,20,32,23,24,33,17,18,29,30,31],"class_list":{"0":"post-162737","1":"post","2":"type-post","3":"status-publish","4":"format-standard","5":"has-post-thumbnail","7":"category-principais-noticias","8":"tag-breaking-news","9":"tag-breakingnews","10":"tag-featured-news","11":"tag-featurednews","12":"tag-headlines","13":"tag-latest-news","14":"tag-latestnews","15":"tag-main-news","16":"tag-mainnews","17":"tag-news","18":"tag-noticias","19":"tag-noticias-principais","20":"tag-noticiasprincipais","21":"tag-portugal","22":"tag-principais-noticias","23":"tag-principaisnoticias","24":"tag-pt","25":"tag-top-stories","26":"tag-topstories","27":"tag-ultimas","28":"tag-ultimas-noticias","29":"tag-ultimasnoticias"},"share_on_mastodon":{"url":"https:\/\/pubeurope.com\/@pt\/115601654839005283","error":""},"_links":{"self":[{"href":"https:\/\/www.europesays.com\/pt\/wp-json\/wp\/v2\/posts\/162737","targetHints":{"allow":["GET"]}}],"collection":[{"href":"https:\/\/www.europesays.com\/pt\/wp-json\/wp\/v2\/posts"}],"about":[{"href":"https:\/\/www.europesays.com\/pt\/wp-json\/wp\/v2\/types\/post"}],"author":[{"embeddable":true,"href":"https:\/\/www.europesays.com\/pt\/wp-json\/wp\/v2\/users\/2"}],"replies":[{"embeddable":true,"href":"https:\/\/www.europesays.com\/pt\/wp-json\/wp\/v2\/comments?post=162737"}],"version-history":[{"count":0,"href":"https:\/\/www.europesays.com\/pt\/wp-json\/wp\/v2\/posts\/162737\/revisions"}],"wp:featuredmedia":[{"embeddable":true,"href":"https:\/\/www.europesays.com\/pt\/wp-json\/wp\/v2\/media\/162738"}],"wp:attachment":[{"href":"https:\/\/www.europesays.com\/pt\/wp-json\/wp\/v2\/media?parent=162737"}],"wp:term":[{"taxonomy":"category","embeddable":true,"href":"https:\/\/www.europesays.com\/pt\/wp-json\/wp\/v2\/categories?post=162737"},{"taxonomy":"post_tag","embeddable":true,"href":"https:\/\/www.europesays.com\/pt\/wp-json\/wp\/v2\/tags?post=162737"}],"curies":[{"name":"wp","href":"https:\/\/api.w.org\/{rel}","templated":true}]}}