{"id":162742,"date":"2025-11-23T23:46:14","date_gmt":"2025-11-23T23:46:14","guid":{"rendered":"https:\/\/www.europesays.com\/pt\/162742\/"},"modified":"2025-11-23T23:46:14","modified_gmt":"2025-11-23T23:46:14","slug":"fc-porto-mostra-superioridade-frente-a-um-sintrense-que-ate-resistiu-a-pressao-no-dragao-2","status":"publish","type":"post","link":"https:\/\/www.europesays.com\/pt\/162742\/","title":{"rendered":"FC Porto mostra superioridade frente a um Sintrense que at\u00e9 resistiu a press\u00e3o no `drag\u00e3o`"},"content":{"rendered":"<p>&#13;<br \/>\nO primeiro golo dos &#8216;azuis e brancos&#8217; surgiu aos 24 minutos atrav\u00e9s de um remate \u00e0 entrada da \u00e1rea de Borja Sainz,\u00a0 na sequ\u00eancia de um canto.&#13;\n<\/p>\n<p>&#13;<br \/>\nUm resultado que as duas equipas levaram para o intervalo.\u00a0&#13;\n<\/p>\n<p>&#13;<br \/>\nNa segunda parte o Porto mostrou-se determinado em querer resolver a partida e voltou a marcar ao minuto 69 por interm\u00e9dio de Denis Gul.\u00a0&#13;\n<\/p>\n<p>&#13;<br \/>\nRodrigo Mora fechou as contas com mais um golo (minuto 79&#8242;) fixando o resultado em 3-0.&#13;\n<\/p>\n<p>&#13;<br \/>\nO FC Porto junta-se assim ao Sporting, Benfica, Lusitano de \u00c9vora, Uni\u00e3o de Leiria, Famalic\u00e3o,  Vit\u00f3ria de Guimar\u00e3es, Casa Pia e ao Aves.\u00a0&#13;\n<\/p>\n<p>&#13;<br \/>\n<b>Amanh\u00e3 volta a haver mais jogos para a Ta\u00e7a de Portugal com os seguintes jogos:\u00a0&#13;<br \/>\n<\/b>&#13;\n<\/p>\n<ul>&#13;<\/p>\n<li>&#13;<br \/>\n\tLusit\u00e2nia de Lourosa (II) &#8211; Torreense (II), 11:00<\/li>\n<p>&#13;<\/p>\n<li>&#13;<br \/>\n\tVila Me\u00e3 (CP) &#8211; Leix\u00f5es (II), 14:00<\/li>\n<p>&#13;<\/p>\n<li>&#13;<br \/>\n\tFafe (L3) &#8211; Arouca (I), 14:00<\/li>\n<p>&#13;<\/p>\n<li>&#13;<br \/>\n\tFarense (II) &#8211; Silves (D), 15:00<\/li>\n<p>&#13;<\/p>\n<li>&#13;<br \/>\n\tSanta Clara (I) &#8211; Com\u00e9rcio e Ind\u00fastria (CP), 16:00<\/li>\n<p>&#13;<\/p>\n<li>&#13;<br \/>\n\tTondela (I) &#8211; Caldas (L3), 17:00<\/li>\n<p>&#13;<\/p>\n<li>&#13;<br \/>\n\tSporting de Braga (I) &#8211; Nacional (I), 17:30<\/li>\n<p>&#13;\n<\/ul>\n","protected":false},"excerpt":{"rendered":"&#13; O primeiro golo dos &#8216;azuis e brancos&#8217; surgiu aos 24 minutos atrav\u00e9s de um remate \u00e0 entrada&hellip;\n","protected":false},"author":2,"featured_media":162459,"comment_status":"","ping_status":"","sticky":false,"template":"","format":"standard","meta":{"footnotes":""},"categories":[87],"tags":[135,13,32,33,420,421,134],"class_list":{"0":"post-162742","1":"post","2":"type-post","3":"status-publish","4":"format-standard","5":"has-post-thumbnail","7":"category-desporto","8":"tag-desporto","9":"tag-noticias","10":"tag-portugal","11":"tag-pt","12":"tag-rtp","13":"tag-rtp-noticias","14":"tag-sports"},"share_on_mastodon":{"url":"https:\/\/pubeurope.com\/@pt\/115601682703271652","error":""},"_links":{"self":[{"href":"https:\/\/www.europesays.com\/pt\/wp-json\/wp\/v2\/posts\/162742","targetHints":{"allow":["GET"]}}],"collection":[{"href":"https:\/\/www.europesays.com\/pt\/wp-json\/wp\/v2\/posts"}],"about":[{"href":"https:\/\/www.europesays.com\/pt\/wp-json\/wp\/v2\/types\/post"}],"author":[{"embeddable":true,"href":"https:\/\/www.europesays.com\/pt\/wp-json\/wp\/v2\/users\/2"}],"replies":[{"embeddable":true,"href":"https:\/\/www.europesays.com\/pt\/wp-json\/wp\/v2\/comments?post=162742"}],"version-history":[{"count":0,"href":"https:\/\/www.europesays.com\/pt\/wp-json\/wp\/v2\/posts\/162742\/revisions"}],"wp:featuredmedia":[{"embeddable":true,"href":"https:\/\/www.europesays.com\/pt\/wp-json\/wp\/v2\/media\/162459"}],"wp:attachment":[{"href":"https:\/\/www.europesays.com\/pt\/wp-json\/wp\/v2\/media?parent=162742"}],"wp:term":[{"taxonomy":"category","embeddable":true,"href":"https:\/\/www.europesays.com\/pt\/wp-json\/wp\/v2\/categories?post=162742"},{"taxonomy":"post_tag","embeddable":true,"href":"https:\/\/www.europesays.com\/pt\/wp-json\/wp\/v2\/tags?post=162742"}],"curies":[{"name":"wp","href":"https:\/\/api.w.org\/{rel}","templated":true}]}}