{"id":162743,"date":"2025-11-23T23:47:20","date_gmt":"2025-11-23T23:47:20","guid":{"rendered":"https:\/\/www.europesays.com\/pt\/162743\/"},"modified":"2025-11-23T23:47:20","modified_gmt":"2025-11-23T23:47:20","slug":"truque-simples-reduz-impacto-do-pao-na-glicemia-e-no-acucar-do-sangue","status":"publish","type":"post","link":"https:\/\/www.europesays.com\/pt\/162743\/","title":{"rendered":"Truque simples reduz impacto do p\u00e3o na glicemia e no a\u00e7\u00facar do sangue"},"content":{"rendered":"<p>Se voc\u00ea \u00e9 aquele tipo de pessoa que n\u00e3o abre m\u00e3o de comer um p\u00e3o no caf\u00e9 da manh\u00e3 ou lanche da tarde, mas\u00a0<a href=\"https:\/\/www.metropoles.com\/vida-e-estilo\/nutricao\/grao-saboroso-suga-o-acucar-do-sangue-e-age-no-controle-da-glicose\" target=\"_blank\" rel=\"noreferrer noopener nofollow\">evita o alimento por medo de seu impacto glic\u00eamico<\/a>\u00a0e\u00a0<a href=\"https:\/\/www.metropoles.com\/vida-e-estilo\/nutricao\/feijao-aveia-e-mais-5-graos-acessiveis-que-sugam-acucar-do-sangue\" target=\"_blank\" rel=\"noreferrer noopener nofollow\">potencial de aumentar o a\u00e7\u00facar no sangue<\/a>, um truque pode ajudar bastante na quest\u00e3o.<\/p>\n<p>De acordo com\u00a0<a href=\"https:\/\/www.metropoles.com\/vida-e-estilo\/nutricao\/comer-ouvindo-musica-faz-mal-o-que-a-ciencia-diz-sobre-o-habito\" target=\"_blank\" rel=\"noreferrer noopener nofollow\">Juliana Andrade, nutricionista do\u00a0<strong>Metr\u00f3poles<\/strong><\/a>, o segredo est\u00e1 na forma como o quitute \u00e9 armazenado e aquecido. \u201cPesquisas mostram que congelar e depois reaquecer o alimento antes do consumo altera a estrutura do amido, formando o chamado \u2018amido resistente\u2019\u201d, explica a profissional, formada pela Universidade de Bras\u00edlia.<\/p>\n<p><strong>LEIA TAMB\u00c9M: <\/strong><a href=\"https:\/\/gmconline.com.br\/noticias\/cidade\/depois-dos-60-por-ai-casal-de-maringa-transforma-a-aposentadoria-em-aventuras-de-motorhome\/\" target=\"_blank\" rel=\"noreferrer noopener nofollow\">\u201cDepois dos 60 por a\u00ed\u201d: casal de Maring\u00e1 transforma a aposentadoria em aventuras de motorhome\u00a0<\/a><\/p>\n<p><img fetchpriority=\"high\" decoding=\"async\" width=\"626\" height=\"417\" alt=\"image\" class=\"wp-image-5748346 lazyload ewww_webp_lazy_load\" src=\"https:\/\/www.europesays.com\/pt\/wp-content\/uploads\/2025\/11\/image-129-2.jpg\"  data- data-eio-rwidth=\"626\" data-eio-rheight=\"417\" src-webp=\"https:\/\/www.europesays.com\/pt\/wp-content\/uploads\/2025\/11\/image-129-2.jpg.webp\" srcset-webp=\"https:\/\/www.europesays.com\/pt\/wp-content\/uploads\/2025\/11\/image-129-2.jpg.webp 626w, https:\/\/gmconline.com.br\/wp-content\/uploads\/2025\/11\/image-129-2-300x200.jpg.webp 300w, https:\/\/gmconline.com.br\/wp-content\/uploads\/2025\/11\/image-129-2-150x100.jpg.webp 150w\"\/>Foto: Freepik | Reprodu\u00e7\u00e3o<\/p>\n<p>Juliana revela que o tipo de amido presente no p\u00e3o, uma vez congelado, n\u00e3o \u00e9 digerido rapidamente pelo intestino delgado, o que significa que ele provoca um aumento mais lento da glicose no sangue, ajudando a evitar picos de a\u00e7\u00facar e oscila\u00e7\u00f5es de energia.<\/p>\n<blockquote class=\"wp-block-quote is-layout-flow wp-block-quote-is-layout-flow\">\n<p>\u201cAl\u00e9m disso, o amido resistente funciona como um prebi\u00f3tico, ou seja, alimento para as bact\u00e9rias ben\u00e9ficas do intestino, contribuindo para uma flora intestinal mais saud\u00e1vel e uma digest\u00e3o mais equilibrada\u201d, diz. Ou seja: voc\u00ea n\u00e3o perde em nada o sabor, mas ganha, e muito, na sa\u00fade \u2013\u00a0<a href=\"https:\/\/www.metropoles.com\/gastronomia\/sobras-de-arroz-viram-crocante-bolinho-teste-a-receita-neste-domingo\" target=\"_blank\" rel=\"noreferrer noopener nofollow\">e ainda evita desperd\u00edcio<\/a>.<\/p>\n<\/blockquote>\n<p>\u00c9 simples: compre o p\u00e3o, fatie, congele e, ao consumir, aque\u00e7a no forno ou na torradeira. Esse processo pode ser incorporado facilmente na rotina e ainda ajuda a evitar desperd\u00edcio.<\/p>\n<p><strong><a href=\"https:\/\/www.metropoles.com\/vida-e-estilo\/nutricao\/truque-simples-reduz-impacto-do-pao-na-glicemia-e-no-acucar-do-sangue\" target=\"_blank\" rel=\"noreferrer noopener nofollow\">Leia<\/a> a reportagem completa no Metr\u00f3poles, parceiro do GMC Online.<\/strong><a href=\"https:\/\/www.metropoles.com\/brasil\/criados-pela-avo-costureira-netos-tatuam-maquina-de-costura\" rel=\"nofollow noopener\" target=\"_blank\"><strong>\u00a0<\/strong><\/a><\/p>\n","protected":false},"excerpt":{"rendered":"Se voc\u00ea \u00e9 aquele tipo de pessoa que n\u00e3o abre m\u00e3o de comer um p\u00e3o no caf\u00e9 da&hellip;\n","protected":false},"author":2,"featured_media":162744,"comment_status":"","ping_status":"","sticky":false,"template":"","format":"standard","meta":{"footnotes":""},"categories":[86],"tags":[116,32,33,117],"class_list":{"0":"post-162743","1":"post","2":"type-post","3":"status-publish","4":"format-standard","5":"has-post-thumbnail","7":"category-saude","8":"tag-health","9":"tag-portugal","10":"tag-pt","11":"tag-saude"},"share_on_mastodon":{"url":"https:\/\/pubeurope.com\/@pt\/115601686265057433","error":""},"_links":{"self":[{"href":"https:\/\/www.europesays.com\/pt\/wp-json\/wp\/v2\/posts\/162743","targetHints":{"allow":["GET"]}}],"collection":[{"href":"https:\/\/www.europesays.com\/pt\/wp-json\/wp\/v2\/posts"}],"about":[{"href":"https:\/\/www.europesays.com\/pt\/wp-json\/wp\/v2\/types\/post"}],"author":[{"embeddable":true,"href":"https:\/\/www.europesays.com\/pt\/wp-json\/wp\/v2\/users\/2"}],"replies":[{"embeddable":true,"href":"https:\/\/www.europesays.com\/pt\/wp-json\/wp\/v2\/comments?post=162743"}],"version-history":[{"count":0,"href":"https:\/\/www.europesays.com\/pt\/wp-json\/wp\/v2\/posts\/162743\/revisions"}],"wp:featuredmedia":[{"embeddable":true,"href":"https:\/\/www.europesays.com\/pt\/wp-json\/wp\/v2\/media\/162744"}],"wp:attachment":[{"href":"https:\/\/www.europesays.com\/pt\/wp-json\/wp\/v2\/media?parent=162743"}],"wp:term":[{"taxonomy":"category","embeddable":true,"href":"https:\/\/www.europesays.com\/pt\/wp-json\/wp\/v2\/categories?post=162743"},{"taxonomy":"post_tag","embeddable":true,"href":"https:\/\/www.europesays.com\/pt\/wp-json\/wp\/v2\/tags?post=162743"}],"curies":[{"name":"wp","href":"https:\/\/api.w.org\/{rel}","templated":true}]}}