{"id":162747,"date":"2025-11-23T23:50:10","date_gmt":"2025-11-23T23:50:10","guid":{"rendered":"https:\/\/www.europesays.com\/pt\/162747\/"},"modified":"2025-11-23T23:50:10","modified_gmt":"2025-11-23T23:50:10","slug":"galaxy-a77-surge-de-surpresa-e-tem-primeiros-detalhes-revelados","status":"publish","type":"post","link":"https:\/\/www.europesays.com\/pt\/162747\/","title":{"rendered":"Galaxy A77 surge de surpresa e tem primeiros detalhes revelados"},"content":{"rendered":"<p>Depois de tr\u00eas anos, a <strong>Samsung<\/strong> supostamente est\u00e1 se preparando para o retorno da linha Galaxy A7x. Curiosamenter, um celular chamado <strong>Galaxy A77 <\/strong>apareceu recentemente em um teste de performance, confirmando o seu nome e detalhes importantes sobre o departamento de desempenho antes do lan\u00e7amento oficial por parte da empresa. Uma not\u00edcia surpreendente e que pegou todos de surpresa nesse final de 2025.<\/p>\n<p>Galaxy A77 surge derrepente<\/p>\n<p>Segundo informa\u00e7\u00f5es reveladas pela plataforma Geekbench, o <strong>Galaxy A77<\/strong> tem um n\u00famero de modelo <strong>SM-A776B<\/strong>. O chipset em quest\u00e3o tem um clock super poderoso rodando at\u00e9 2,78GHz, tr\u00eas n\u00facleos de performance de at\u00e9 <strong>2.3 GHz <\/strong>e quatro n\u00facleos de efici\u00eancia com clock de at\u00e9 1,82GHz.<\/p>\n<p>Ao que tudo indica, estamos falando de um<strong> Exynos 2400<\/strong> e isso faz sentido, uma vez que ele estar\u00e1 posicionado acima do <strong>Galaxy A57<\/strong> e abaixo do <strong>Galaxy S26<\/strong>. Em todo caso, esse processador ter\u00e1 pot\u00eancia suficiente para competir com rivais diretos, sem se posicionar como um flagship.<\/p>\n<p>Quanto aos demais recursos, o<strong> Galaxy A77 <\/strong>em teste possui <strong>8GB<\/strong> de mem\u00f3ria <a class=\"lib tg-lib\" href=\"https:\/\/www.oficinadanet.com.br\/onresponde\/65111-o-que-e-memoria-ram-celular\" rel=\"nofollow noopener\" target=\"_blank\">RAM<\/a>, mas n\u00e3o sabemos ainda se a <a class=\"lib tg-lib\" href=\"https:\/\/www.oficinadanet.com.br\/samsung\" rel=\"nofollow noopener\" target=\"_blank\">Samsung<\/a> tamb\u00e9m lan\u00e7ar\u00e1 uma vers\u00e3o mais capaz com <strong>12GB<\/strong>. Ainda segundo consta, o smartphone sair\u00e1 da caixa equipado com o mais recente sistema<strong> Android 16<\/strong> do <a class=\"lib tg-lib\" href=\"https:\/\/www.oficinadanet.com.br\/google\" rel=\"nofollow noopener\" target=\"_blank\">Google<\/a>.<\/p>\n<p>            &#13;<br \/>\n                    &#13;<br \/>\n                        &#13;<br \/>\n                        &#13;<br \/>\n                        &#13;<br \/>\n                        &#13;<br \/>\n                        <img decoding=\"async\" loading=\"lazy\" width=\"330\" height=\"250\" src=\"https:\/\/www.europesays.com\/pt\/wp-content\/uploads\/2025\/11\/a77.jpg\"  alt=\"Galaxy A77\" title=\"Galaxy A77\"\/>&#13;<br \/>\n                    Galaxy A77 &#13;<\/p>\n<p>Galaxy A73 foi o \u00faltimo da s\u00e9rie<\/p>\n<p>Para quem n\u00e3o se lembra, o \u00faltimo modelo da linha, o <strong>Galaxy A73<\/strong>, foi lan\u00e7ado em<strong> 2022<\/strong> e desde ent\u00e3o a s\u00e9rie ficou em sil\u00eancio. Agora, com o <strong>A77<\/strong>, a Samsung sinaliza que pretende refor\u00e7ar sua presen\u00e7a no segmento de aparelhos intermedi\u00e1rios avan\u00e7ados. A estrat\u00e9gia tem liga\u00e7\u00e3o direta com as chinesas, que est\u00e3o investindo cada vez mais em aparelhos intermedi\u00e1rios mais avan\u00e7ados.<\/p>\n<p><a href=\"https:\/\/www.gsmarena.com\/samsung_galaxy_a77_is_on_the_way_geekbench_reveals-news-70411.php\" class=\"tg-link-manual\" rel=\"nofollow  noopener\" target=\"_blank\">Fonte<\/a><\/p>\n","protected":false},"excerpt":{"rendered":"Depois de tr\u00eas anos, a Samsung supostamente est\u00e1 se preparando para o retorno da linha Galaxy A7x. Curiosamenter,&hellip;\n","protected":false},"author":2,"featured_media":162748,"comment_status":"","ping_status":"","sticky":false,"template":"","format":"standard","meta":{"footnotes":""},"categories":[84],"tags":[109,107,108,13,32,33,105,103,104,106,110],"class_list":{"0":"post-162747","1":"post","2":"type-post","3":"status-publish","4":"format-standard","5":"has-post-thumbnail","7":"category-ciencia-e-tecnologia","8":"tag-ciencia","9":"tag-ciencia-e-tecnologia","10":"tag-cienciaetecnologia","11":"tag-noticias","12":"tag-portugal","13":"tag-pt","14":"tag-science","15":"tag-science-and-technology","16":"tag-scienceandtechnology","17":"tag-technology","18":"tag-tecnologia"},"share_on_mastodon":{"url":"https:\/\/pubeurope.com\/@pt\/115601697894656383","error":""},"_links":{"self":[{"href":"https:\/\/www.europesays.com\/pt\/wp-json\/wp\/v2\/posts\/162747","targetHints":{"allow":["GET"]}}],"collection":[{"href":"https:\/\/www.europesays.com\/pt\/wp-json\/wp\/v2\/posts"}],"about":[{"href":"https:\/\/www.europesays.com\/pt\/wp-json\/wp\/v2\/types\/post"}],"author":[{"embeddable":true,"href":"https:\/\/www.europesays.com\/pt\/wp-json\/wp\/v2\/users\/2"}],"replies":[{"embeddable":true,"href":"https:\/\/www.europesays.com\/pt\/wp-json\/wp\/v2\/comments?post=162747"}],"version-history":[{"count":0,"href":"https:\/\/www.europesays.com\/pt\/wp-json\/wp\/v2\/posts\/162747\/revisions"}],"wp:featuredmedia":[{"embeddable":true,"href":"https:\/\/www.europesays.com\/pt\/wp-json\/wp\/v2\/media\/162748"}],"wp:attachment":[{"href":"https:\/\/www.europesays.com\/pt\/wp-json\/wp\/v2\/media?parent=162747"}],"wp:term":[{"taxonomy":"category","embeddable":true,"href":"https:\/\/www.europesays.com\/pt\/wp-json\/wp\/v2\/categories?post=162747"},{"taxonomy":"post_tag","embeddable":true,"href":"https:\/\/www.europesays.com\/pt\/wp-json\/wp\/v2\/tags?post=162747"}],"curies":[{"name":"wp","href":"https:\/\/api.w.org\/{rel}","templated":true}]}}