{"id":162749,"date":"2025-11-23T23:54:19","date_gmt":"2025-11-23T23:54:19","guid":{"rendered":"https:\/\/www.europesays.com\/pt\/162749\/"},"modified":"2025-11-23T23:54:19","modified_gmt":"2025-11-23T23:54:19","slug":"tempestade-regressa-ciclone-atlantico-traz-chuva-forte-e-vento-e-estas-sao-as-regioes-mais-afetadas","status":"publish","type":"post","link":"https:\/\/www.europesays.com\/pt\/162749\/","title":{"rendered":"Tempestade regressa: ciclone atl\u00e2ntico traz chuva forte e vento e estas s\u00e3o as regi\u00f5es mais afetadas"},"content":{"rendered":"<p><strong>Portugal continental prepara-se para o regresso do mau tempo a partir deste domingo, com chuva forte, vento moderado a intenso e instabilidade crescente em v\u00e1rias regi\u00f5es. A mudan\u00e7a abrupta chega depois de dias marcados por frio seco, geadas e c\u00e9u limpo, mas a aproxima\u00e7\u00e3o de um ciclone atl\u00e2ntico dever\u00e1 alterar de forma significativa o estado do tempo. <\/strong><\/p>\n<p>De acordo com o Meteored, site especializado em meteorologia, a depress\u00e3o que se formou a oeste das Ilhas Brit\u00e2nicas transporta um sistema frontal extenso, alimentado por ar quente e h\u00famido de latitudes subtropicais, que come\u00e7ar\u00e1 a influenciar o territ\u00f3rio j\u00e1 nas pr\u00f3ximas horas.<\/p>\n<p>A presen\u00e7a deste ciclone atl\u00e2ntico, combinada com a transi\u00e7\u00e3o de massas de ar, vai colocar sobretudo o Norte e o Centro sob um regime de precipita\u00e7\u00e3o persistente, podendo mesmo ocorrer epis\u00f3dios de chuva localmente forte e rajadas mais intensas \u00e0 medida que as frentes se deslocarem de noroeste para sudeste.<\/p>\n<p class=\"has-medium-font-size\"><strong>Regresso da precipita\u00e7\u00e3o e fim do per\u00edodo seco<\/strong><\/p>\n<p>Segundo o Meteored, o cen\u00e1rio est\u00e1vel dos \u00faltimos dias resulta de uma massa de ar polar mar\u00edtima que entrou no pa\u00eds no final da semana, deixando as temperaturas entre 4 e 6 graus abaixo do normal para novembro. O Nordeste Transmontano e a Beira Alta foram as regi\u00f5es mais afetadas, com m\u00ednimas negativas entre Bragan\u00e7a, Guarda, Alf\u00e2ndega da F\u00e9 e Figueira de Castelo Rodrigo.<\/p>\n<p>Essa estabilidade, por\u00e9m, termina este domingo. A primeira frente associada ao ciclone atl\u00e2ntico dever\u00e1 aproximar-se ainda durante a madrugada e espalhar precipita\u00e7\u00e3o sobretudo pelo Minho, Douro Litoral e litoral Centro. As primeiras horas do dia ser\u00e3o marcadas por chuva fraca a moderada, ganhando intensidade ao longo da tarde.<\/p>\n<p class=\"has-medium-font-size\"><strong>Duas frentes e um rio atmosf\u00e9rico: combina\u00e7\u00e3o que agrava o mau tempo<\/strong><\/p>\n<p>A instabilidade refor\u00e7a-se no final do dia com a aproxima\u00e7\u00e3o de uma segunda frente, tamb\u00e9m gerada pelo vale depression\u00e1rio a oeste do Golfo da Biscaia. Segundo a mesma fonte, esta frente transporta ar mais quente e h\u00famido, abrindo caminho \u00e0 entrada de um rio atmosf\u00e9rico que ir\u00e1 potenciar a precipita\u00e7\u00e3o j\u00e1 na segunda-feira.<\/p>\n<p>O vento manter-se-\u00e1 fraco durante o domingo, mas com tend\u00eancia para rodar para sudoeste, sinal de que o n\u00facleo depression\u00e1rio est\u00e1 a aproximar-se. Nas terras altas, as rajadas poder\u00e3o j\u00e1 atingir os 40 km\/h.<\/p>\n<p class=\"has-medium-font-size\"><strong>Segunda-feira ser\u00e1 o dia mais adverso<\/strong><\/p>\n<p>As previs\u00f5es do <a href=\"https:\/\/www.tempo.pt\/noticias\/\" target=\"_blank\" rel=\"noreferrer noopener nofollow\">Meteored<\/a> indicam que a segunda-feira ser\u00e1 o ponto mais cr\u00edtico deste epis\u00f3dio meteorol\u00f3gico. A intera\u00e7\u00e3o entre o ar frio transportado pelo ciclone atl\u00e2ntico e o corredor de ar quente do rio atmosf\u00e9rico criar\u00e1 condi\u00e7\u00f5es para chuva forte, vento intenso e maior instabilidade em quase todo o territ\u00f3rio.<\/p>\n<p>As rajadas nas regi\u00f5es montanhosas do Norte e do Centro poder\u00e3o chegar aos 75 km\/h. A precipita\u00e7\u00e3o dever\u00e1 ser persistente e, em alguns locais, pontualmente forte, com especial incid\u00eancia nos distritos de Viana do Castelo, Braga, Porto e Aveiro. Zonas voltadas a barlavento, como o Ger\u00eas, a Serra da Freita ou o Caramulo, poder\u00e3o ultrapassar 50 mm acumulados at\u00e9 ao final do dia.<\/p>\n<p class=\"has-medium-font-size\"><strong>Litoral Norte e Centro ser\u00e3o as regi\u00f5es mais afetadas<\/strong><\/p>\n<p>A segunda-feira deixar\u00e1 um padr\u00e3o claro: maior impacto a norte e menor intensidade a sul do Tejo. O sistema montanhoso Montejunto-Estrela dever\u00e1 enfraquecer a frente ao atravessar o territ\u00f3rio, limitando a precipita\u00e7\u00e3o no Alentejo e no Algarve. Ainda assim, prev\u00ea-se chuva moderada em algumas \u00e1reas do litoral alentejano.<\/p>\n<p>Apesar do cen\u00e1rio adverso, o epis\u00f3dio dever\u00e1 perder for\u00e7a na ter\u00e7a-feira, com uma descida gradual da intensidade da chuva e um novo per\u00edodo de acalmia atmosf\u00e9rica.<\/p>\n<p><strong>Leia tamb\u00e9m:\u00a0<a href=\"https:\/\/postal.pt\/nacional\/selos-no-para%e2%80%91brisas-a-lei-mudou-mas-muitos-condutores-nao-sabem-que-tem-de-levar-isto-no-carro\/\" target=\"_blank\" rel=\"noreferrer noopener nofollow\">Selos no para\u2011brisas: a lei mudou mas muitos condutores n\u00e3o sabem que t\u00eam de levar isto no carro<\/a><\/strong><\/p>\n","protected":false},"excerpt":{"rendered":"Portugal continental prepara-se para o regresso do mau tempo a partir deste domingo, com chuva forte, vento moderado&hellip;\n","protected":false},"author":2,"featured_media":162750,"comment_status":"","ping_status":"","sticky":false,"template":"","format":"standard","meta":{"footnotes":""},"categories":[8],"tags":[27,28,15,16,14,25,26,21,22,12,13,19,20,32,23,24,33,17,18,29,30,31],"class_list":{"0":"post-162749","1":"post","2":"type-post","3":"status-publish","4":"format-standard","5":"has-post-thumbnail","7":"category-principais-noticias","8":"tag-breaking-news","9":"tag-breakingnews","10":"tag-featured-news","11":"tag-featurednews","12":"tag-headlines","13":"tag-latest-news","14":"tag-latestnews","15":"tag-main-news","16":"tag-mainnews","17":"tag-news","18":"tag-noticias","19":"tag-noticias-principais","20":"tag-noticiasprincipais","21":"tag-portugal","22":"tag-principais-noticias","23":"tag-principaisnoticias","24":"tag-pt","25":"tag-top-stories","26":"tag-topstories","27":"tag-ultimas","28":"tag-ultimas-noticias","29":"tag-ultimasnoticias"},"share_on_mastodon":{"url":"https:\/\/pubeurope.com\/@pt\/115601714047497280","error":""},"_links":{"self":[{"href":"https:\/\/www.europesays.com\/pt\/wp-json\/wp\/v2\/posts\/162749","targetHints":{"allow":["GET"]}}],"collection":[{"href":"https:\/\/www.europesays.com\/pt\/wp-json\/wp\/v2\/posts"}],"about":[{"href":"https:\/\/www.europesays.com\/pt\/wp-json\/wp\/v2\/types\/post"}],"author":[{"embeddable":true,"href":"https:\/\/www.europesays.com\/pt\/wp-json\/wp\/v2\/users\/2"}],"replies":[{"embeddable":true,"href":"https:\/\/www.europesays.com\/pt\/wp-json\/wp\/v2\/comments?post=162749"}],"version-history":[{"count":0,"href":"https:\/\/www.europesays.com\/pt\/wp-json\/wp\/v2\/posts\/162749\/revisions"}],"wp:featuredmedia":[{"embeddable":true,"href":"https:\/\/www.europesays.com\/pt\/wp-json\/wp\/v2\/media\/162750"}],"wp:attachment":[{"href":"https:\/\/www.europesays.com\/pt\/wp-json\/wp\/v2\/media?parent=162749"}],"wp:term":[{"taxonomy":"category","embeddable":true,"href":"https:\/\/www.europesays.com\/pt\/wp-json\/wp\/v2\/categories?post=162749"},{"taxonomy":"post_tag","embeddable":true,"href":"https:\/\/www.europesays.com\/pt\/wp-json\/wp\/v2\/tags?post=162749"}],"curies":[{"name":"wp","href":"https:\/\/api.w.org\/{rel}","templated":true}]}}