{"id":162753,"date":"2025-11-23T23:58:27","date_gmt":"2025-11-23T23:58:27","guid":{"rendered":"https:\/\/www.europesays.com\/pt\/162753\/"},"modified":"2025-11-23T23:58:27","modified_gmt":"2025-11-23T23:58:27","slug":"casa-dos-segredos-pedro-jorge-ja-conhecia-liliana-antes-redes-sociais-lancam-polemica-e-marisa-nao-vai-gostar","status":"publish","type":"post","link":"https:\/\/www.europesays.com\/pt\/162753\/","title":{"rendered":"Casa dos Segredos &#8211; Pedro Jorge j\u00e1 conhecia Liliana antes? Redes sociais lan\u00e7am pol\u00e9mica e Marisa n\u00e3o vai gostar"},"content":{"rendered":"<p data-end=\"477\" data-start=\"210\">Uma pol\u00e9mica est\u00e1 a ganhar for\u00e7a nas redes sociais e pode n\u00e3o agradar a <strong data-end=\"292\" data-start=\"282\">Marisa<\/strong>, companheira de<strong> Pedro Jorge<\/strong>. Circula no <strong data-end=\"346\" data-start=\"333\">Twitter\/X<\/strong> a informa\u00e7\u00e3o de que o concorrente da <strong data-end=\"405\" data-start=\"384\">Casa dos Segredos<\/strong> j\u00e1 conhecia <strong data-end=\"429\" data-start=\"418\">Liliana<\/strong> antes de entrar na casa mais vigiada do pa\u00eds.<\/p>\n<p data-end=\"808\" data-start=\"479\">Segundo apontam alguns utilizadores, <strong>Pedro Jorge ter\u00e1 interagido com v\u00e1rias publica\u00e7\u00f5es de Liliana no Instagram, incluindo likes em fotos da jovem<\/strong>. As imagens foram reunidas por um internauta e est\u00e3o dispon\u00edveis na galeria deste artigo, o que\u00a0levanta\u00a0quest\u00f5es sobre a naturalidade da rela\u00e7\u00e3o que se desenvolveu dentro do reality show.<\/p>\n<p data-end=\"1028\" data-start=\"810\">Um utilizador comentou diretamente: \u201c<strong>Ent\u00e3o falsos moralistas? Igor Rodrigues, Rita Almeida, Pedro Jorge, a \u00faltima vez que deu likes em 2023. Querem dizer que voc\u00eas n\u00e3o sabem quem \u00e9 a Liliana? O Pedro \u00e9 t\u00e3o inocente?\u201d<\/strong><\/p>\n<p data-end=\"1284\" data-start=\"1030\">Texto: Tiago Miguel Sim\u00f5es; Fotos: DR<\/p>\n<p class=\"intagram-text\">Siga a Nova Gente no Instagram<\/p>\n<p>                        <a href=\"https:\/\/www.instagram.com\/revistanovagente\/\" target=\"_blank\" aria-label=\"instagram\" rel=\"noopener nofollow\"><img decoding=\"async\" style=\"display: block; margin-left: auto; margin-right: auto; width: 250px; height: 83px;\" src=\"https:\/\/www.europesays.com\/pt\/wp-content\/uploads\/2025\/11\/Instagram_NG.png\" alt=\"instagram\"\/><\/a><br \/>\n                    <script async src=\"\/\/www.instagram.com\/embed.js\"><\/script><\/p>\n","protected":false},"excerpt":{"rendered":"Uma pol\u00e9mica est\u00e1 a ganhar for\u00e7a nas redes sociais e pode n\u00e3o agradar a Marisa, companheira de Pedro&hellip;\n","protected":false},"author":2,"featured_media":162754,"comment_status":"","ping_status":"","sticky":false,"template":"","format":"standard","meta":{"footnotes":""},"categories":[142],"tags":[2632,114,115,19082,34510,32,33,151,162],"class_list":{"0":"post-162753","1":"post","2":"type-post","3":"status-publish","4":"format-standard","5":"has-post-thumbnail","7":"category-tv","8":"tag-casa-dos-segredos","9":"tag-entertainment","10":"tag-entretenimento","11":"tag-fabio","12":"tag-liliiana","13":"tag-portugal","14":"tag-pt","15":"tag-tv","16":"tag-tvi"},"share_on_mastodon":{"url":"https:\/\/pubeurope.com\/@pt\/115601729675428922","error":""},"_links":{"self":[{"href":"https:\/\/www.europesays.com\/pt\/wp-json\/wp\/v2\/posts\/162753","targetHints":{"allow":["GET"]}}],"collection":[{"href":"https:\/\/www.europesays.com\/pt\/wp-json\/wp\/v2\/posts"}],"about":[{"href":"https:\/\/www.europesays.com\/pt\/wp-json\/wp\/v2\/types\/post"}],"author":[{"embeddable":true,"href":"https:\/\/www.europesays.com\/pt\/wp-json\/wp\/v2\/users\/2"}],"replies":[{"embeddable":true,"href":"https:\/\/www.europesays.com\/pt\/wp-json\/wp\/v2\/comments?post=162753"}],"version-history":[{"count":0,"href":"https:\/\/www.europesays.com\/pt\/wp-json\/wp\/v2\/posts\/162753\/revisions"}],"wp:featuredmedia":[{"embeddable":true,"href":"https:\/\/www.europesays.com\/pt\/wp-json\/wp\/v2\/media\/162754"}],"wp:attachment":[{"href":"https:\/\/www.europesays.com\/pt\/wp-json\/wp\/v2\/media?parent=162753"}],"wp:term":[{"taxonomy":"category","embeddable":true,"href":"https:\/\/www.europesays.com\/pt\/wp-json\/wp\/v2\/categories?post=162753"},{"taxonomy":"post_tag","embeddable":true,"href":"https:\/\/www.europesays.com\/pt\/wp-json\/wp\/v2\/tags?post=162753"}],"curies":[{"name":"wp","href":"https:\/\/api.w.org\/{rel}","templated":true}]}}