{"id":162755,"date":"2025-11-24T00:02:09","date_gmt":"2025-11-24T00:02:09","guid":{"rendered":"https:\/\/www.europesays.com\/pt\/162755\/"},"modified":"2025-11-24T00:02:09","modified_gmt":"2025-11-24T00:02:09","slug":"problemas-auditivos-aumentam-ansiedade-irritacao-e-comprometem-saude","status":"publish","type":"post","link":"https:\/\/www.europesays.com\/pt\/162755\/","title":{"rendered":"Problemas auditivos aumentam ansiedade, irrita\u00e7\u00e3o e comprometem sa\u00fade"},"content":{"rendered":"<p style=\"margin-top:10px; margin-left:-10px\">\n<a href=\"https:\/\/news.google.com\/publications\/CAAqBwgKMILb9QowzODcAg?ceid=BR:pt-419&amp;oc=3\" target=\"_blank\" rel=\"nofollow noreferrer noopener\"><img decoding=\"async\" width=\"200px\" height=\"42px\" src=\"https:\/\/www.europesays.com\/pt\/wp-content\/uploads\/2025\/09\/googlenews-btn.webp.webp\"\/><\/a>\n<\/p>\n<p><img fetchpriority=\"high\" decoding=\"async\" class=\" wp-image-3738256\" src=\"https:\/\/www.europesays.com\/pt\/wp-content\/uploads\/2025\/11\/orange-awareness-ribbons-with-stethoscope-slate-pink-background-300x200.jpg\" alt=\"\" width=\"383\" height=\"255\"  \/>1,5 bilh\u00e3o de pessoas convivem com algum grau de perda auditiva (Foto: divulga\u00e7\u00e3o)<\/p>\n<p>Neste m\u00eas, a campanha Novembro Laranja refor\u00e7a a aten\u00e7\u00e3o para os dist\u00farbios auditivos, como o zumbido no ouvido (tinnitus), a hiperacusia e a misofonia.<\/p>\n<p>A iniciativa ganha relev\u00e2ncia diante do cen\u00e1rio global, que segundo a Organiza\u00e7\u00e3o Mundial da Sa\u00fade (OMS), 1,5 bilh\u00e3o de pessoas convivem com algum grau de perda auditiva e a proje\u00e7\u00e3o \u00e9 de que esse n\u00famero alcance 2,5 bilh\u00f5es at\u00e9 2050.<\/p>\n<p>O otorrinolaringologista Thiago Brunelli, do hospital Santa Casa de Mau\u00e1, refor\u00e7a que embora a perda auditiva esteja associada ao envelhecimento, ela tem atingido cada vez mais pessoas jovens.<\/p>\n<p>Ainda de acordo com a OMS, 740 milh\u00f5es de pessoas no mundo e 28 milh\u00f5es de brasileiros sofrem com o tinnitus, uma sensa\u00e7\u00e3o auditiva sem fonte sonora externa e muitas vezes descrita como apito, chiado ou pulsa\u00e7\u00e3o. O zumbido pode surgir em decorr\u00eancia de problemas no sistema auditivo, altera\u00e7\u00f5es neurol\u00f3gicas, dist\u00farbios odontol\u00f3gicos e at\u00e9 disfun\u00e7\u00f5es na coluna cervical.<\/p>\n<p>Al\u00e9m do desconforto sonoro, o problema est\u00e1 associado \u00e0 irritabilidade, dificuldade para dormir, queda na concentra\u00e7\u00e3o e aumento da ansiedade. O especialista refor\u00e7a que o zumbido n\u00e3o deve ser ignorado. \u201cO diagn\u00f3stico e o tratamento correto aumentam as chances de controle e melhora significativa na qualidade de vida do paciente\u201d, explica o m\u00e9dico Thiago Brunelli.<\/p>\n<p>Outros dois dist\u00farbios em destaque no Novembro Laranja t\u00eam impacto direto no bem-estar emocional e social: a misofonia \u2013 rea\u00e7\u00e3o exagerada a sons repetitivos e de baixa intensidade, como mastigar, respirar, engolir ou digitar. Os sintomas incluem ansiedade, irrita\u00e7\u00e3o e sensa\u00e7\u00e3o de inc\u00f4modo intenso.<\/p>\n<p>J\u00e1 a hiperacusia \u00e9 o aumento da sensibilidade aos sons, percebidos como excessivamente altos e inc\u00f4modos. Ela pode ter origem gen\u00e9tica, neurol\u00f3gica, emocional (estresse) ou estar relacionada a traumas auditivos, provocando dor no ouvido, irrita\u00e7\u00e3o e pode ocorrer em conjunto com o zumbido. Ambas as condi\u00e7\u00f5es t\u00eam tratamento e exigem avalia\u00e7\u00e3o especializada.<\/p>\n<p>Para proteger a sa\u00fade auditiva, o especialista recomenda evitar exposi\u00e7\u00e3o prolongada a sons altos, usar fones de ouvido em volumes moderados e por per\u00edodos curtos, manter alimenta\u00e7\u00e3o equilibrada, reduzindo a\u00e7\u00facar e cafe\u00edna, praticar atividades f\u00edsicas, al\u00e9m de t\u00e9cnicas de relaxamento que ajudam no controle do estresse, um dos fatores que agravam os quadros auditivos.<\/p>\n<p>\u00a0<\/p>\n","protected":false},"excerpt":{"rendered":"1,5 bilh\u00e3o de pessoas convivem com algum grau de perda auditiva (Foto: divulga\u00e7\u00e3o) Neste m\u00eas, a campanha Novembro&hellip;\n","protected":false},"author":2,"featured_media":162756,"comment_status":"","ping_status":"","sticky":false,"template":"","format":"standard","meta":{"footnotes":""},"categories":[86],"tags":[4843,4807,116,2292,34511,32,5343,33,24647,117],"class_list":{"0":"post-162755","1":"post","2":"type-post","3":"status-publish","4":"format-standard","5":"has-post-thumbnail","7":"category-saude","8":"tag-ansiedade","9":"tag-audicao","10":"tag-health","11":"tag-maua","12":"tag-novembro-laranja","13":"tag-portugal","14":"tag-problemas","15":"tag-pt","16":"tag-santa-casa","17":"tag-saude"},"share_on_mastodon":{"url":"https:\/\/pubeurope.com\/@pt\/115601745334403154","error":""},"_links":{"self":[{"href":"https:\/\/www.europesays.com\/pt\/wp-json\/wp\/v2\/posts\/162755","targetHints":{"allow":["GET"]}}],"collection":[{"href":"https:\/\/www.europesays.com\/pt\/wp-json\/wp\/v2\/posts"}],"about":[{"href":"https:\/\/www.europesays.com\/pt\/wp-json\/wp\/v2\/types\/post"}],"author":[{"embeddable":true,"href":"https:\/\/www.europesays.com\/pt\/wp-json\/wp\/v2\/users\/2"}],"replies":[{"embeddable":true,"href":"https:\/\/www.europesays.com\/pt\/wp-json\/wp\/v2\/comments?post=162755"}],"version-history":[{"count":0,"href":"https:\/\/www.europesays.com\/pt\/wp-json\/wp\/v2\/posts\/162755\/revisions"}],"wp:featuredmedia":[{"embeddable":true,"href":"https:\/\/www.europesays.com\/pt\/wp-json\/wp\/v2\/media\/162756"}],"wp:attachment":[{"href":"https:\/\/www.europesays.com\/pt\/wp-json\/wp\/v2\/media?parent=162755"}],"wp:term":[{"taxonomy":"category","embeddable":true,"href":"https:\/\/www.europesays.com\/pt\/wp-json\/wp\/v2\/categories?post=162755"},{"taxonomy":"post_tag","embeddable":true,"href":"https:\/\/www.europesays.com\/pt\/wp-json\/wp\/v2\/tags?post=162755"}],"curies":[{"name":"wp","href":"https:\/\/api.w.org\/{rel}","templated":true}]}}